{"id":1075,"date":"2023-05-19T22:49:06","date_gmt":"2023-05-19T22:49:06","guid":{"rendered":"https:\/\/sociedadyseguridadsocial.org\/?p=1075"},"modified":"2023-05-19T22:49:06","modified_gmt":"2023-05-19T22:49:06","slug":"autoridades-sanitarias-dialogan-sobre-salud-de-las-personas-que-usan-drogas-en-rd","status":"publish","type":"post","link":"https:\/\/sociedadyseguridadsocial.org\/?p=1075","title":{"rendered":"Autoridades sanitarias dialogan sobre salud de las personas que usan drogas en RD."},"content":{"rendered":"<p>&nbsp;<\/p>\n<p>Republica Dominicana. 19\/05\/2023.-<\/p>\n<p style=\"font-weight: 400;\">El pasado mi\u00e9rcoles 17 de mayo tuvo lugar en el hotel\u00a0Radisson un di\u00e1logo entre las autoridades sanitarias y la sociedad civil al respecto de la salud de las personas que utilizan drogas. En el evento, destacados panelistas de Rep\u00fablica Dominicana, M\u00e9xico, Puerto Rico y Espa\u00f1a presentaron la aplastante evidencia a favor de los servicios de reducci\u00f3n de riesgos y da\u00f1os para las personas que usan droga y de un entorno legal que posibilite un enfoque de salud y de justicia social.<\/p>\n<p style=\"font-weight: 400;\">La magistrada Kenya Romero habl\u00f3 de la experiencia del tratamiento bajo supervisi\u00f3n judicial y de c\u00f3mo su equipo trabaja para abordar a la persona sin estigmatizar y sin\u00a0revictimizar, destacando la importancia de ver a la persona y no solo al conflicto.<\/p>\n<p style=\"font-weight: 400;\">El tema del estigma fue abordado tambi\u00e9n por el\u00a0PhD Luis Rom\u00e1n, de Intercambios Puerto Rico, tambi\u00e9n recalc\u00f3 que el estigma no permite la dignidad en el tratamiento y que fundamentar los enfoques de abordaje en la moralidad propicia la muerte prematura de muchas personas.<\/p>\n<p style=\"font-weight: 400;\">Bego\u00f1a G\u00f3mez del Campo, quien trabaj\u00f3 en\u00a0UNODC en Rep\u00fablica Dominicana hasta hace unos a\u00f1os, destac\u00f3 como los enfoques represivos y las legislaciones punitivas suponen una barrera a la atenci\u00f3n sanitaria que lleva a la muerte de muchas personas e hizo un llamado a la toma de decisiones basada en la ciencia y no en la ideolog\u00eda, \u201clo que hace vulnerables a las personas que usan droga no es el uso de drogas en s\u00ed, sino la falta de estrategias de reducci\u00f3n de da\u00f1os, las cuales est\u00e1n en l\u00ednea con los convenios de derechos humanos y los compromisos asumidos por el pa\u00eds ante la Asamblea General de Naciones Unidas (UNGASS) en 2016.\u201d<\/p>\n<p style=\"font-weight: 400;\">En esa l\u00ednea,\u00a0Josep Rovira, de ABD Barcelona, present\u00f3 los servicios de reducci\u00f3n de da\u00f1os que llevan implementando con \u00e9xito desde los a\u00f1os 90, y el PhD. Luis Rom\u00e1n hizo \u00e9nfasis en que el tratamiento basado en abstinencia y llevado a cabo en comunidades terap\u00e9uticas no responde a los est\u00e1ndares de cuidados basados en evidencia cient\u00edfica y derechos humanos.<\/p>\n<p>&nbsp;<\/p>\n<p><img decoding=\"async\" loading=\"lazy\" class=\" wp-image-1077 alignright\" src=\"https:\/\/sociedadyseguridadsocial.org\/wp-content\/uploads\/2023\/05\/DIALOGO-3-300x225.jpg\" alt=\"\" width=\"462\" height=\"346\" srcset=\"https:\/\/sociedadyseguridadsocial.org\/wp-content\/uploads\/2023\/05\/DIALOGO-3-300x225.jpg 300w, https:\/\/sociedadyseguridadsocial.org\/wp-content\/uploads\/2023\/05\/DIALOGO-3-1024x768.jpg 1024w, https:\/\/sociedadyseguridadsocial.org\/wp-content\/uploads\/2023\/05\/DIALOGO-3-768x576.jpg 768w, https:\/\/sociedadyseguridadsocial.org\/wp-content\/uploads\/2023\/05\/DIALOGO-3-1536x1153.jpg 1536w, https:\/\/sociedadyseguridadsocial.org\/wp-content\/uploads\/2023\/05\/DIALOGO-3-1170x878.jpg 1170w, https:\/\/sociedadyseguridadsocial.org\/wp-content\/uploads\/2023\/05\/DIALOGO-3.jpg 1599w\" sizes=\"(max-width: 462px) 100vw, 462px\" \/><\/p>\n<p style=\"font-weight: 400;\">Sin embargo, existen modelos ambulatorios y enfoques de reducci\u00f3n de da\u00f1os que han probado su efectividad en otros pa\u00edses, y recalc\u00f3 que la abstinencia, aunque es una meta deseable, no es la \u00fanica meta y puede no ser la meta adecuada para todas las personas.<\/p>\n<p style=\"font-weight: 400;\">\u00a0Adem\u00e1s, el Dr. Alvarado, director de la Cl\u00ednica PITIRRE en Puerto Rico, enfatiz\u00f3 que es necesario salir a buscar a las personas a las comunidades y ofrecerles otro tipo de servicios para iniciar un acercamiento y construir una confianza que luego permita que la persona pida la ayuda que necesita, a su tiempo.<\/p>\n<p style=\"font-weight: 400;\">\u00a0A menudo el argumento para no realizar estas intervenciones es econ\u00f3mico, sin embargo, la Dra. Carmen\u00a0Albizu de la Universidad de Puerto Rico, resalt\u00f3 que este tipo de enfoques de control de la demanda, ahorran m\u00e1s dinero y son m\u00e1s efectivos que el control de la oferta de drogas, es decir, que las redadas o controles en aduana.<\/p>\n<p style=\"font-weight: 400;\">Sin embargo, en nuestro pa\u00eds estos servicios siguen estando sud-financiados, como expres\u00f3 la licenciada\u00a0Kirsi Guerra, del Centro de Atenci\u00f3n Integral a las dependencias (CAIDEP), quien present\u00f3 los servicios que ofrece el centro e hizo un llamamiento a la ampliaci\u00f3n del espacio f\u00edsico y los recursos, ya que no dan abasto para atender toda la demanda, al igual que resalt\u00f3 la necesidad de incluir los servicios de salud mental dentro de la cobertura de los seguros de salud.<\/p>\n<p style=\"font-weight: 400;\">Varios panelistas junto con la representante del\u00a0PNUD destacaron el impacto que la falta de datos tiene en la toma de decisiones. El Dr. Fernando D\u00edaz, del COIN, present\u00f3 datos de EEUU sobre las condiciones de salud m\u00e1s comunes seg\u00fan el momento de vida y la sustancia de consumo, y destac\u00f3 que no contamos con esos datos en el pa\u00eds, lo que hace que los profesionales de la salud atiendan bas\u00e1ndose en lo que creen y no a la evidencia. El evento cont\u00f3 con la participaci\u00f3n de la sociedad civil con CANNARED y el grupo Resiliencia Comunitaria en representaci\u00f3n de las personas que usan drogas.<\/p>\n<p style=\"font-weight: 400;\">Juan Javier Rojas, de Resiliencia Comunitaria, hizo \u00e9nfasis en la necesidad de apoyar los servicios comunitarios desde las instituciones estatales, y de incluir a los miembros de la poblaci\u00f3n en la toma de decisiones y la definici\u00f3n de pol\u00edticas, ya que ellos son los que conocen la realidad que viven las personas que utilizan drogas y quieren ser visibles y que se escuchen sus opiniones y propuestas para construir juntos una mejor respuesta a las necesidades de las personas que usan drogas.<\/p>\n<p style=\"font-weight: 400;\">El Sr. Santo Rosario, director ejecutivo del\u00a0COIN, cerr\u00f3 el evento con un llamado a la colaboraci\u00f3n interinstitucional y celebrando la participaci\u00f3n de las distintas instancias presentes en el di\u00e1logo.<\/p>\n<p style=\"font-weight: 400;\">Este evento organizado por el Centro de Orientaci\u00f3n e Investigaci\u00f3n Integral (COIN) cont\u00f3 con la participaci\u00f3n del Consejo Nacional del VIH\/SIDA (CONAVIHSIDA), El Centro de Atenci\u00f3n Integral a las Dependencias (CAIDEP), el Programa de Nacional de Control de Tuberculosis y la Direcci\u00f3n de Salud Mental del Ministerio de Salud P\u00fablica y Asistencia Social, la Direcci\u00f3n de Control de las Infecciones de Transmisi\u00f3n Sexual y Sida (DIGECITSS), el Poder Judicial, el Consejo Nacional de Drogas (CND), el Observatorio de DDHH para Grupos Vulnerabilizados, CANNARED, Casa Abierta, Iniciativa Comunitaria Investigaci\u00f3n, Resiliencia Comunitaria y el Programa de Naciones Unidas para el Desarrollo(PNUD).\u00a0(PNUD).<\/p>\n","protected":false},"excerpt":{"rendered":"<p>&nbsp; Republica Dominicana. 19\/05\/2023.- El pasado mi\u00e9rcoles 17 de mayo tuvo lugar en el hotel\u00a0Radisson un di\u00e1logo entre las autoridades sanitarias y la sociedad civil<\/p>\n","protected":false},"author":1,"featured_media":1076,"comment_status":"open","ping_status":"open","sticky":false,"template":"","format":"standard","meta":{"footnotes":""},"categories":[29],"tags":[66],"yoast_head":"<!-- This site is optimized with the Yoast SEO plugin v22.6 - https:\/\/yoast.com\/wordpress\/plugins\/seo\/ -->\n<title>Autoridades sanitarias dialogan sobre salud de las personas que usan drogas en RD. - sociedadyseguridadsocial.org<\/title>\n<meta name=\"robots\" content=\"index, follow, max-snippet:-1, max-image-preview:large, max-video-preview:-1\" \/>\n<link rel=\"canonical\" href=\"https:\/\/sociedadyseguridadsocial.org\/?p=1075\" \/>\n<meta property=\"og:locale\" content=\"es_ES\" \/>\n<meta property=\"og:type\" content=\"article\" \/>\n<meta property=\"og:title\" content=\"Autoridades sanitarias dialogan sobre salud de las personas que usan drogas en RD. - sociedadyseguridadsocial.org\" \/>\n<meta property=\"og:description\" content=\"&nbsp; Republica Dominicana. 19\/05\/2023.- El pasado mi\u00e9rcoles 17 de mayo tuvo lugar en el hotel\u00a0Radisson un di\u00e1logo entre las autoridades sanitarias y la sociedad civil\" \/>\n<meta property=\"og:url\" content=\"https:\/\/sociedadyseguridadsocial.org\/?p=1075\" \/>\n<meta property=\"og:site_name\" content=\"sociedadyseguridadsocial.org\" \/>\n<meta property=\"article:publisher\" content=\"https:\/\/www.facebook.com\/syseguridadsocial\" \/>\n<meta property=\"article:published_time\" content=\"2023-05-19T22:49:06+00:00\" \/>\n<meta property=\"og:image\" content=\"https:\/\/sociedadyseguridadsocial.org\/wp-content\/uploads\/2023\/05\/DIALOGO-4.jpg\" \/>\n\t<meta property=\"og:image:width\" content=\"1599\" \/>\n\t<meta property=\"og:image:height\" content=\"1200\" \/>\n\t<meta property=\"og:image:type\" content=\"image\/jpeg\" \/>\n<meta name=\"author\" content=\"sociedadyseguridadsocial@gmail.com\" \/>\n<meta name=\"twitter:card\" content=\"summary_large_image\" \/>\n<meta name=\"twitter:label1\" content=\"Written by\" \/>\n\t<meta name=\"twitter:data1\" content=\"sociedadyseguridadsocial@gmail.com\" \/>\n\t<meta name=\"twitter:label2\" content=\"Est. reading time\" \/>\n\t<meta name=\"twitter:data2\" content=\"5 minutos\" \/>\n<script type=\"application\/ld+json\" class=\"yoast-schema-graph\">{\"@context\":\"https:\/\/schema.org\",\"@graph\":[{\"@type\":\"Article\",\"@id\":\"https:\/\/sociedadyseguridadsocial.org\/?p=1075#article\",\"isPartOf\":{\"@id\":\"https:\/\/sociedadyseguridadsocial.org\/?p=1075\"},\"author\":{\"name\":\"sociedadyseguridadsocial@gmail.com\",\"@id\":\"https:\/\/sociedadyseguridadsocial.org\/#\/schema\/person\/45cf5223b982daeb4936c66c072575e3\"},\"headline\":\"Autoridades sanitarias dialogan sobre salud de las personas que usan drogas en RD.\",\"datePublished\":\"2023-05-19T22:49:06+00:00\",\"dateModified\":\"2023-05-19T22:49:06+00:00\",\"mainEntityOfPage\":{\"@id\":\"https:\/\/sociedadyseguridadsocial.org\/?p=1075\"},\"wordCount\":973,\"commentCount\":0,\"publisher\":{\"@id\":\"https:\/\/sociedadyseguridadsocial.org\/#organization\"},\"image\":{\"@id\":\"https:\/\/sociedadyseguridadsocial.org\/?p=1075#primaryimage\"},\"thumbnailUrl\":\"https:\/\/sociedadyseguridadsocial.org\/wp-content\/uploads\/2023\/05\/DIALOGO-4.jpg\",\"keywords\":[\"SALUD EVENTO COION DROGAS\"],\"articleSection\":[\"SALUD\"],\"inLanguage\":\"es-DO\",\"potentialAction\":[{\"@type\":\"CommentAction\",\"name\":\"Comment\",\"target\":[\"https:\/\/sociedadyseguridadsocial.org\/?p=1075#respond\"]}]},{\"@type\":\"WebPage\",\"@id\":\"https:\/\/sociedadyseguridadsocial.org\/?p=1075\",\"url\":\"https:\/\/sociedadyseguridadsocial.org\/?p=1075\",\"name\":\"Autoridades sanitarias dialogan sobre salud de las personas que usan drogas en RD. - sociedadyseguridadsocial.org\",\"isPartOf\":{\"@id\":\"https:\/\/sociedadyseguridadsocial.org\/#website\"},\"primaryImageOfPage\":{\"@id\":\"https:\/\/sociedadyseguridadsocial.org\/?p=1075#primaryimage\"},\"image\":{\"@id\":\"https:\/\/sociedadyseguridadsocial.org\/?p=1075#primaryimage\"},\"thumbnailUrl\":\"https:\/\/sociedadyseguridadsocial.org\/wp-content\/uploads\/2023\/05\/DIALOGO-4.jpg\",\"datePublished\":\"2023-05-19T22:49:06+00:00\",\"dateModified\":\"2023-05-19T22:49:06+00:00\",\"breadcrumb\":{\"@id\":\"https:\/\/sociedadyseguridadsocial.org\/?p=1075#breadcrumb\"},\"inLanguage\":\"es-DO\",\"potentialAction\":[{\"@type\":\"ReadAction\",\"target\":[\"https:\/\/sociedadyseguridadsocial.org\/?p=1075\"]}]},{\"@type\":\"ImageObject\",\"inLanguage\":\"es-DO\",\"@id\":\"https:\/\/sociedadyseguridadsocial.org\/?p=1075#primaryimage\",\"url\":\"https:\/\/sociedadyseguridadsocial.org\/wp-content\/uploads\/2023\/05\/DIALOGO-4.jpg\",\"contentUrl\":\"https:\/\/sociedadyseguridadsocial.org\/wp-content\/uploads\/2023\/05\/DIALOGO-4.jpg\",\"width\":1599,\"height\":1200},{\"@type\":\"BreadcrumbList\",\"@id\":\"https:\/\/sociedadyseguridadsocial.org\/?p=1075#breadcrumb\",\"itemListElement\":[{\"@type\":\"ListItem\",\"position\":1,\"name\":\"Portada\",\"item\":\"https:\/\/sociedadyseguridadsocial.org\/\"},{\"@type\":\"ListItem\",\"position\":2,\"name\":\"Autoridades sanitarias dialogan sobre salud de las personas que usan drogas en RD.\"}]},{\"@type\":\"WebSite\",\"@id\":\"https:\/\/sociedadyseguridadsocial.org\/#website\",\"url\":\"https:\/\/sociedadyseguridadsocial.org\/\",\"name\":\"sociedadyseguridadsocial.org\",\"description\":\"S\u00f3lo salud, no es seguridad social.\",\"publisher\":{\"@id\":\"https:\/\/sociedadyseguridadsocial.org\/#organization\"},\"potentialAction\":[{\"@type\":\"SearchAction\",\"target\":{\"@type\":\"EntryPoint\",\"urlTemplate\":\"https:\/\/sociedadyseguridadsocial.org\/?s={search_term_string}\"},\"query-input\":\"required name=search_term_string\"}],\"inLanguage\":\"es-DO\"},{\"@type\":\"Organization\",\"@id\":\"https:\/\/sociedadyseguridadsocial.org\/#organization\",\"name\":\"sociedadyseguridadsocial.org\",\"url\":\"https:\/\/sociedadyseguridadsocial.org\/\",\"logo\":{\"@type\":\"ImageObject\",\"inLanguage\":\"es-DO\",\"@id\":\"https:\/\/sociedadyseguridadsocial.org\/#\/schema\/logo\/image\/\",\"url\":\"https:\/\/sociedadyseguridadsocial.org\/wp-content\/uploads\/2023\/03\/cropped-cropped-IMG-20230317-WA0125-1.jpg\",\"contentUrl\":\"https:\/\/sociedadyseguridadsocial.org\/wp-content\/uploads\/2023\/03\/cropped-cropped-IMG-20230317-WA0125-1.jpg\",\"width\":265,\"height\":77,\"caption\":\"sociedadyseguridadsocial.org\"},\"image\":{\"@id\":\"https:\/\/sociedadyseguridadsocial.org\/#\/schema\/logo\/image\/\"},\"sameAs\":[\"https:\/\/www.facebook.com\/syseguridadsocial\",\"https:\/\/www.instagram.com\/sociedadyseguridadsocial\/\"]},{\"@type\":\"Person\",\"@id\":\"https:\/\/sociedadyseguridadsocial.org\/#\/schema\/person\/45cf5223b982daeb4936c66c072575e3\",\"name\":\"sociedadyseguridadsocial@gmail.com\",\"image\":{\"@type\":\"ImageObject\",\"inLanguage\":\"es-DO\",\"@id\":\"https:\/\/sociedadyseguridadsocial.org\/#\/schema\/person\/image\/\",\"url\":\"https:\/\/secure.gravatar.com\/avatar\/d0c387d833f1414553de50fe7294ab4c?s=96&d=mm&r=g\",\"contentUrl\":\"https:\/\/secure.gravatar.com\/avatar\/d0c387d833f1414553de50fe7294ab4c?s=96&d=mm&r=g\",\"caption\":\"sociedadyseguridadsocial@gmail.com\"},\"sameAs\":[\"http:\/\/sociedadyseguridadsocial.org\"],\"url\":\"https:\/\/sociedadyseguridadsocial.org\/?author=1\"}]}<\/script>\n<!-- \/ Yoast SEO plugin. -->","yoast_head_json":{"title":"Autoridades sanitarias dialogan sobre salud de las personas que usan drogas en RD. - sociedadyseguridadsocial.org","robots":{"index":"index","follow":"follow","max-snippet":"max-snippet:-1","max-image-preview":"max-image-preview:large","max-video-preview":"max-video-preview:-1"},"canonical":"https:\/\/sociedadyseguridadsocial.org\/?p=1075","og_locale":"es_ES","og_type":"article","og_title":"Autoridades sanitarias dialogan sobre salud de las personas que usan drogas en RD. - sociedadyseguridadsocial.org","og_description":"&nbsp; Republica Dominicana. 19\/05\/2023.- El pasado mi\u00e9rcoles 17 de mayo tuvo lugar en el hotel\u00a0Radisson un di\u00e1logo entre las autoridades sanitarias y la sociedad civil","og_url":"https:\/\/sociedadyseguridadsocial.org\/?p=1075","og_site_name":"sociedadyseguridadsocial.org","article_publisher":"https:\/\/www.facebook.com\/syseguridadsocial","article_published_time":"2023-05-19T22:49:06+00:00","og_image":[{"width":1599,"height":1200,"url":"https:\/\/sociedadyseguridadsocial.org\/wp-content\/uploads\/2023\/05\/DIALOGO-4.jpg","type":"image\/jpeg"}],"author":"sociedadyseguridadsocial@gmail.com","twitter_card":"summary_large_image","twitter_misc":{"Written by":"sociedadyseguridadsocial@gmail.com","Est. reading time":"5 minutos"},"schema":{"@context":"https:\/\/schema.org","@graph":[{"@type":"Article","@id":"https:\/\/sociedadyseguridadsocial.org\/?p=1075#article","isPartOf":{"@id":"https:\/\/sociedadyseguridadsocial.org\/?p=1075"},"author":{"name":"sociedadyseguridadsocial@gmail.com","@id":"https:\/\/sociedadyseguridadsocial.org\/#\/schema\/person\/45cf5223b982daeb4936c66c072575e3"},"headline":"Autoridades sanitarias dialogan sobre salud de las personas que usan drogas en RD.","datePublished":"2023-05-19T22:49:06+00:00","dateModified":"2023-05-19T22:49:06+00:00","mainEntityOfPage":{"@id":"https:\/\/sociedadyseguridadsocial.org\/?p=1075"},"wordCount":973,"commentCount":0,"publisher":{"@id":"https:\/\/sociedadyseguridadsocial.org\/#organization"},"image":{"@id":"https:\/\/sociedadyseguridadsocial.org\/?p=1075#primaryimage"},"thumbnailUrl":"https:\/\/sociedadyseguridadsocial.org\/wp-content\/uploads\/2023\/05\/DIALOGO-4.jpg","keywords":["SALUD EVENTO COION DROGAS"],"articleSection":["SALUD"],"inLanguage":"es-DO","potentialAction":[{"@type":"CommentAction","name":"Comment","target":["https:\/\/sociedadyseguridadsocial.org\/?p=1075#respond"]}]},{"@type":"WebPage","@id":"https:\/\/sociedadyseguridadsocial.org\/?p=1075","url":"https:\/\/sociedadyseguridadsocial.org\/?p=1075","name":"Autoridades sanitarias dialogan sobre salud de las personas que usan drogas en RD. - sociedadyseguridadsocial.org","isPartOf":{"@id":"https:\/\/sociedadyseguridadsocial.org\/#website"},"primaryImageOfPage":{"@id":"https:\/\/sociedadyseguridadsocial.org\/?p=1075#primaryimage"},"image":{"@id":"https:\/\/sociedadyseguridadsocial.org\/?p=1075#primaryimage"},"thumbnailUrl":"https:\/\/sociedadyseguridadsocial.org\/wp-content\/uploads\/2023\/05\/DIALOGO-4.jpg","datePublished":"2023-05-19T22:49:06+00:00","dateModified":"2023-05-19T22:49:06+00:00","breadcrumb":{"@id":"https:\/\/sociedadyseguridadsocial.org\/?p=1075#breadcrumb"},"inLanguage":"es-DO","potentialAction":[{"@type":"ReadAction","target":["https:\/\/sociedadyseguridadsocial.org\/?p=1075"]}]},{"@type":"ImageObject","inLanguage":"es-DO","@id":"https:\/\/sociedadyseguridadsocial.org\/?p=1075#primaryimage","url":"https:\/\/sociedadyseguridadsocial.org\/wp-content\/uploads\/2023\/05\/DIALOGO-4.jpg","contentUrl":"https:\/\/sociedadyseguridadsocial.org\/wp-content\/uploads\/2023\/05\/DIALOGO-4.jpg","width":1599,"height":1200},{"@type":"BreadcrumbList","@id":"https:\/\/sociedadyseguridadsocial.org\/?p=1075#breadcrumb","itemListElement":[{"@type":"ListItem","position":1,"name":"Portada","item":"https:\/\/sociedadyseguridadsocial.org\/"},{"@type":"ListItem","position":2,"name":"Autoridades sanitarias dialogan sobre salud de las personas que usan drogas en RD."}]},{"@type":"WebSite","@id":"https:\/\/sociedadyseguridadsocial.org\/#website","url":"https:\/\/sociedadyseguridadsocial.org\/","name":"sociedadyseguridadsocial.org","description":"S\u00f3lo salud, no es seguridad social.","publisher":{"@id":"https:\/\/sociedadyseguridadsocial.org\/#organization"},"potentialAction":[{"@type":"SearchAction","target":{"@type":"EntryPoint","urlTemplate":"https:\/\/sociedadyseguridadsocial.org\/?s={search_term_string}"},"query-input":"required name=search_term_string"}],"inLanguage":"es-DO"},{"@type":"Organization","@id":"https:\/\/sociedadyseguridadsocial.org\/#organization","name":"sociedadyseguridadsocial.org","url":"https:\/\/sociedadyseguridadsocial.org\/","logo":{"@type":"ImageObject","inLanguage":"es-DO","@id":"https:\/\/sociedadyseguridadsocial.org\/#\/schema\/logo\/image\/","url":"https:\/\/sociedadyseguridadsocial.org\/wp-content\/uploads\/2023\/03\/cropped-cropped-IMG-20230317-WA0125-1.jpg","contentUrl":"https:\/\/sociedadyseguridadsocial.org\/wp-content\/uploads\/2023\/03\/cropped-cropped-IMG-20230317-WA0125-1.jpg","width":265,"height":77,"caption":"sociedadyseguridadsocial.org"},"image":{"@id":"https:\/\/sociedadyseguridadsocial.org\/#\/schema\/logo\/image\/"},"sameAs":["https:\/\/www.facebook.com\/syseguridadsocial","https:\/\/www.instagram.com\/sociedadyseguridadsocial\/"]},{"@type":"Person","@id":"https:\/\/sociedadyseguridadsocial.org\/#\/schema\/person\/45cf5223b982daeb4936c66c072575e3","name":"sociedadyseguridadsocial@gmail.com","image":{"@type":"ImageObject","inLanguage":"es-DO","@id":"https:\/\/sociedadyseguridadsocial.org\/#\/schema\/person\/image\/","url":"https:\/\/secure.gravatar.com\/avatar\/d0c387d833f1414553de50fe7294ab4c?s=96&d=mm&r=g","contentUrl":"https:\/\/secure.gravatar.com\/avatar\/d0c387d833f1414553de50fe7294ab4c?s=96&d=mm&r=g","caption":"sociedadyseguridadsocial@gmail.com"},"sameAs":["http:\/\/sociedadyseguridadsocial.org"],"url":"https:\/\/sociedadyseguridadsocial.org\/?author=1"}]}},"_links":{"self":[{"href":"https:\/\/sociedadyseguridadsocial.org\/index.php?rest_route=\/wp\/v2\/posts\/1075"}],"collection":[{"href":"https:\/\/sociedadyseguridadsocial.org\/index.php?rest_route=\/wp\/v2\/posts"}],"about":[{"href":"https:\/\/sociedadyseguridadsocial.org\/index.php?rest_route=\/wp\/v2\/types\/post"}],"author":[{"embeddable":true,"href":"https:\/\/sociedadyseguridadsocial.org\/index.php?rest_route=\/wp\/v2\/users\/1"}],"replies":[{"embeddable":true,"href":"https:\/\/sociedadyseguridadsocial.org\/index.php?rest_route=%2Fwp%2Fv2%2Fcomments&post=1075"}],"version-history":[{"count":2,"href":"https:\/\/sociedadyseguridadsocial.org\/index.php?rest_route=\/wp\/v2\/posts\/1075\/revisions"}],"predecessor-version":[{"id":1079,"href":"https:\/\/sociedadyseguridadsocial.org\/index.php?rest_route=\/wp\/v2\/posts\/1075\/revisions\/1079"}],"wp:featuredmedia":[{"embeddable":true,"href":"https:\/\/sociedadyseguridadsocial.org\/index.php?rest_route=\/wp\/v2\/media\/1076"}],"wp:attachment":[{"href":"https:\/\/sociedadyseguridadsocial.org\/index.php?rest_route=%2Fwp%2Fv2%2Fmedia&parent=1075"}],"wp:term":[{"taxonomy":"category","embeddable":true,"href":"https:\/\/sociedadyseguridadsocial.org\/index.php?rest_route=%2Fwp%2Fv2%2Fcategories&post=1075"},{"taxonomy":"post_tag","embeddable":true,"href":"https:\/\/sociedadyseguridadsocial.org\/index.php?rest_route=%2Fwp%2Fv2%2Ftags&post=1075"}],"curies":[{"name":"wp","href":"https:\/\/api.w.org\/{rel}","templated":true}]}}