{"id":1088,"date":"2023-05-12T02:00:39","date_gmt":"2023-05-12T02:00:39","guid":{"rendered":"https:\/\/sociedadyseguridadsocial.org\/?p=1088"},"modified":"2023-05-20T02:30:01","modified_gmt":"2023-05-20T02:30:01","slug":"presidenta-de-copardom-cita-avances-del-sistema-de-seguridad-social","status":"publish","type":"post","link":"https:\/\/sociedadyseguridadsocial.org\/?p=1088","title":{"rendered":"*Presidenta de Copardom cita avances del sistema de seguridad social*"},"content":{"rendered":"<p>Republ\u00edca Dominicana . 11\/05\/2023.-<\/p>\n<p>* La presidenta de la Confederaci\u00f3n Patronal de la Rep\u00fablica Dominicana, Laura Pe\u00f1a Izquierdo, destac\u00f3 los logros del sistema de pensiones entre los cuales cit\u00f3 los 9,548 jubilados por discapacidad, 28,370 beneficiarios de pensiones por sobrevivencia, la entrega de 5,117 millones de pesos por herencia a familiares de 21,014 afiliados fallecidos y 41,323 millones de pesos a 203,354 afiliados de ingreso tard\u00edo.<br aria-hidden=\"true\" \/><br aria-hidden=\"true\" \/>Al exponer en el panel \u201cRetos y desaf\u00edos de las instituciones que conforman el Sistema de Seguridad Social de la Rep\u00fablica Dominicana\u201d, organizado en el hotel Sheraton por el Consejo de la Seguridad Social, la dirigente empresarial precis\u00f3 que el pa\u00eds cuenta con un ahorro de que se ha invertido en infraestructura, actualizaci\u00f3n del contrato p\u00f3liza y la eliminaci\u00f3n de certificaci\u00f3n de pago de impuestos sucesorales para acceder a pensi\u00f3n.<br aria-hidden=\"true\" \/><br aria-hidden=\"true\" \/>No obstante, Pe\u00f1a Izquierdo indic\u00f3 que a pesar de estos avances constituye un reto para el sistema pensiones mejorar la tasa de reemplazo, la pensi\u00f3n por discapacidad vitalicia, permitir la movilizaci\u00f3n de los fondos de afiliados que emigran del pa\u00eds e integrar a trabajadores por cuenta propia.<br aria-hidden=\"true\" \/><br aria-hidden=\"true\" \/>La presidenta de la Copardom tambi\u00e9n se\u00f1al\u00f3 que se debe identificar una cotizaci\u00f3n gradual para incorporar a las empresas informales en la seguridad social, permitir ahorros voluntarios adicionales tanto del empleador como del trabajador en una cuenta complementaria separada y simplificar los procesos para acceder a beneficios.<br aria-hidden=\"true\" \/><br aria-hidden=\"true\" \/>Sobre el rol del sector empleador manifest\u00f3 que la Copardom, como miembro del Consejo Nacional de Seguridad Social (CNSS), procura aportar soluciones al sistema que abarquen las \u00e1reas de pensiones, salud y riesgos laborales garantizando el cumplimiento de los principios consagrados en la ley 87-01, sobre universalidad, sostenibilidad, gradualidad e integralidad.<br aria-hidden=\"true\" \/><br aria-hidden=\"true\" \/>Pe\u00f1a izquierdo puntualiz\u00f3 que la participaci\u00f3n y rol del sector privado en el sistema permiten garantizar el derecho a la seguridad social como derecho fundamental, fortalecer la gobernanza del CNSS y el sistema garantizando el di\u00e1logo y la concertaci\u00f3n social para mejorar la prestaci\u00f3n de servicios contemplados en la ley, a trav\u00e9s de las instancias y \u00f3rganos de supervisi\u00f3n previstos en la legislaci\u00f3n, fortalecer para que las resoluciones emitidas por el CNSS no violen la ley 87-01 y sus reglamentos, impulsando la mejora del sistema para que se traduzca en beneficio para los afiliados apegados v\u00eda la institucionalidad y la sostenibilidad del sistema.<\/p>\n<p><br aria-hidden=\"true\" \/>\u201cEl principio de la participaci\u00f3n se hace presente en el CNSS ya que las decisiones tomadas son producto del tripartismo, provocando que las decisiones sean sopesadas por los consejeros, quienes se mantienen en contacto con sus respectivos sectores y primando el respeto mutuo hasta llegar a los consensos\u201d, agreg\u00f3 la presidente de la Copardom.<br aria-hidden=\"true\" \/><br aria-hidden=\"true\" \/>*Sobre los paneles*<br aria-hidden=\"true\" \/><br aria-hidden=\"true\" \/>En una primera exposici\u00f3n del panel \u201cRetos y desaf\u00edos de las instituciones que conforman el Sistema de Seguridad Social de la Rep\u00fablica Dominicana\u201d participaron Henry Sahdal\u00e1 Dumit, tesorero de la Seguridad Social (TSS), Carolina Serrata M\u00e9ndez, directora de la Direcci\u00f3n Informaci\u00f3n y Defensa de los Afiliados a la Seguridad Social (DIDA); Jes\u00fas Feris Iglesias, superintendente de Salud y Riesgos Laborales (SISARIL), Francisco Torres, superintendente de Pensiones (SIPEN) y Fausto L\u00f3pez Solis, director ejecutivo del Instituto Dominicanos de Prevenci\u00f3n y Protecci\u00f3n de Riesgos Laborales (IDOPPROIL), moderador por Edward Guzm\u00e1n, gerente general CNSS<\/p>\n<p><img decoding=\"async\" loading=\"lazy\" class=\" wp-image-1090 alignright\" src=\"https:\/\/sociedadyseguridadsocial.org\/wp-content\/uploads\/2023\/05\/PHOTO-2023-05-11-09-47-46-300x200.jpg\" alt=\"\" width=\"545\" height=\"363\" srcset=\"https:\/\/sociedadyseguridadsocial.org\/wp-content\/uploads\/2023\/05\/PHOTO-2023-05-11-09-47-46-300x200.jpg 300w, https:\/\/sociedadyseguridadsocial.org\/wp-content\/uploads\/2023\/05\/PHOTO-2023-05-11-09-47-46-1024x683.jpg 1024w, https:\/\/sociedadyseguridadsocial.org\/wp-content\/uploads\/2023\/05\/PHOTO-2023-05-11-09-47-46-768x512.jpg 768w, https:\/\/sociedadyseguridadsocial.org\/wp-content\/uploads\/2023\/05\/PHOTO-2023-05-11-09-47-46-1170x781.jpg 1170w, https:\/\/sociedadyseguridadsocial.org\/wp-content\/uploads\/2023\/05\/PHOTO-2023-05-11-09-47-46.jpg 1280w\" sizes=\"(max-width: 545px) 100vw, 545px\" \/>Mientras que en un segundo panel cont\u00f3 con las intervenciones de figuras de los sectores representados en el Consejo Nacional de Seguridad Social, entre ellos Juan Est\u00e9vez Gonz\u00e1lez, del sector gubernamental; Laura Pe\u00f1a Izquierdo, de los empleadores; Santos S\u00e1nchez, de los laborales; Odalis Cuevas Ram\u00edrez, de los discapacitados, indigentes y desempleados, Mery Hern\u00e1ndez, del Colegio M\u00e9dico Dominicano y tuvo como moderadora a Marilyn Rodr\u00edguez, subgerente general del CNSS.<\/p>\n","protected":false},"excerpt":{"rendered":"<p>Republ\u00edca Dominicana . 11\/05\/2023.- * La presidenta de la Confederaci\u00f3n Patronal de la Rep\u00fablica Dominicana, Laura Pe\u00f1a Izquierdo, destac\u00f3 los logros del sistema de pensiones<\/p>\n","protected":false},"author":1,"featured_media":1089,"comment_status":"open","ping_status":"open","sticky":false,"template":"","format":"standard","meta":{"footnotes":""},"categories":[28],"tags":[68],"yoast_head":"<!-- This site is optimized with the Yoast SEO plugin v22.6 - https:\/\/yoast.com\/wordpress\/plugins\/seo\/ -->\n<title>*Presidenta de Copardom cita avances del sistema de seguridad social* - sociedadyseguridadsocial.org<\/title>\n<meta name=\"robots\" content=\"index, follow, max-snippet:-1, max-image-preview:large, max-video-preview:-1\" \/>\n<link rel=\"canonical\" href=\"https:\/\/sociedadyseguridadsocial.org\/?p=1088\" \/>\n<meta property=\"og:locale\" content=\"es_ES\" \/>\n<meta property=\"og:type\" content=\"article\" \/>\n<meta property=\"og:title\" content=\"*Presidenta de Copardom cita avances del sistema de seguridad social* - sociedadyseguridadsocial.org\" \/>\n<meta property=\"og:description\" content=\"Republ\u00edca Dominicana . 11\/05\/2023.- * La presidenta de la Confederaci\u00f3n Patronal de la Rep\u00fablica Dominicana, Laura Pe\u00f1a Izquierdo, destac\u00f3 los logros del sistema de pensiones\" \/>\n<meta property=\"og:url\" content=\"https:\/\/sociedadyseguridadsocial.org\/?p=1088\" \/>\n<meta property=\"og:site_name\" content=\"sociedadyseguridadsocial.org\" \/>\n<meta property=\"article:publisher\" content=\"https:\/\/www.facebook.com\/syseguridadsocial\" \/>\n<meta property=\"article:published_time\" content=\"2023-05-12T02:00:39+00:00\" \/>\n<meta property=\"article:modified_time\" content=\"2023-05-20T02:30:01+00:00\" \/>\n<meta property=\"og:image\" content=\"https:\/\/sociedadyseguridadsocial.org\/wp-content\/uploads\/2023\/05\/PHOTO-2023-05-11-09-48-21.jpg\" \/>\n\t<meta property=\"og:image:width\" content=\"853\" \/>\n\t<meta property=\"og:image:height\" content=\"1280\" \/>\n\t<meta property=\"og:image:type\" content=\"image\/jpeg\" \/>\n<meta name=\"author\" content=\"sociedadyseguridadsocial@gmail.com\" \/>\n<meta name=\"twitter:card\" content=\"summary_large_image\" \/>\n<meta name=\"twitter:label1\" content=\"Written by\" \/>\n\t<meta name=\"twitter:data1\" content=\"sociedadyseguridadsocial@gmail.com\" \/>\n\t<meta name=\"twitter:label2\" content=\"Est. reading time\" \/>\n\t<meta name=\"twitter:data2\" content=\"3 minutos\" \/>\n<script type=\"application\/ld+json\" class=\"yoast-schema-graph\">{\"@context\":\"https:\/\/schema.org\",\"@graph\":[{\"@type\":\"Article\",\"@id\":\"https:\/\/sociedadyseguridadsocial.org\/?p=1088#article\",\"isPartOf\":{\"@id\":\"https:\/\/sociedadyseguridadsocial.org\/?p=1088\"},\"author\":{\"name\":\"sociedadyseguridadsocial@gmail.com\",\"@id\":\"https:\/\/sociedadyseguridadsocial.org\/#\/schema\/person\/45cf5223b982daeb4936c66c072575e3\"},\"headline\":\"*Presidenta de Copardom cita avances del sistema de seguridad social*\",\"datePublished\":\"2023-05-12T02:00:39+00:00\",\"dateModified\":\"2023-05-20T02:30:01+00:00\",\"mainEntityOfPage\":{\"@id\":\"https:\/\/sociedadyseguridadsocial.org\/?p=1088\"},\"wordCount\":651,\"commentCount\":0,\"publisher\":{\"@id\":\"https:\/\/sociedadyseguridadsocial.org\/#organization\"},\"image\":{\"@id\":\"https:\/\/sociedadyseguridadsocial.org\/?p=1088#primaryimage\"},\"thumbnailUrl\":\"https:\/\/sociedadyseguridadsocial.org\/wp-content\/uploads\/2023\/05\/PHOTO-2023-05-11-09-48-21.jpg\",\"keywords\":[\"SEGURIDAD SOCIAL COPARDOM PANEL LAURA PE\u00d1A IZQUIERDO\"],\"articleSection\":[\"LEY SS\"],\"inLanguage\":\"es-DO\",\"potentialAction\":[{\"@type\":\"CommentAction\",\"name\":\"Comment\",\"target\":[\"https:\/\/sociedadyseguridadsocial.org\/?p=1088#respond\"]}]},{\"@type\":\"WebPage\",\"@id\":\"https:\/\/sociedadyseguridadsocial.org\/?p=1088\",\"url\":\"https:\/\/sociedadyseguridadsocial.org\/?p=1088\",\"name\":\"*Presidenta de Copardom cita avances del sistema de seguridad social* - sociedadyseguridadsocial.org\",\"isPartOf\":{\"@id\":\"https:\/\/sociedadyseguridadsocial.org\/#website\"},\"primaryImageOfPage\":{\"@id\":\"https:\/\/sociedadyseguridadsocial.org\/?p=1088#primaryimage\"},\"image\":{\"@id\":\"https:\/\/sociedadyseguridadsocial.org\/?p=1088#primaryimage\"},\"thumbnailUrl\":\"https:\/\/sociedadyseguridadsocial.org\/wp-content\/uploads\/2023\/05\/PHOTO-2023-05-11-09-48-21.jpg\",\"datePublished\":\"2023-05-12T02:00:39+00:00\",\"dateModified\":\"2023-05-20T02:30:01+00:00\",\"breadcrumb\":{\"@id\":\"https:\/\/sociedadyseguridadsocial.org\/?p=1088#breadcrumb\"},\"inLanguage\":\"es-DO\",\"potentialAction\":[{\"@type\":\"ReadAction\",\"target\":[\"https:\/\/sociedadyseguridadsocial.org\/?p=1088\"]}]},{\"@type\":\"ImageObject\",\"inLanguage\":\"es-DO\",\"@id\":\"https:\/\/sociedadyseguridadsocial.org\/?p=1088#primaryimage\",\"url\":\"https:\/\/sociedadyseguridadsocial.org\/wp-content\/uploads\/2023\/05\/PHOTO-2023-05-11-09-48-21.jpg\",\"contentUrl\":\"https:\/\/sociedadyseguridadsocial.org\/wp-content\/uploads\/2023\/05\/PHOTO-2023-05-11-09-48-21.jpg\",\"width\":853,\"height\":1280},{\"@type\":\"BreadcrumbList\",\"@id\":\"https:\/\/sociedadyseguridadsocial.org\/?p=1088#breadcrumb\",\"itemListElement\":[{\"@type\":\"ListItem\",\"position\":1,\"name\":\"Portada\",\"item\":\"https:\/\/sociedadyseguridadsocial.org\/\"},{\"@type\":\"ListItem\",\"position\":2,\"name\":\"*Presidenta de Copardom cita avances del sistema de seguridad social*\"}]},{\"@type\":\"WebSite\",\"@id\":\"https:\/\/sociedadyseguridadsocial.org\/#website\",\"url\":\"https:\/\/sociedadyseguridadsocial.org\/\",\"name\":\"sociedadyseguridadsocial.org\",\"description\":\"S\u00f3lo salud, no es seguridad social.\",\"publisher\":{\"@id\":\"https:\/\/sociedadyseguridadsocial.org\/#organization\"},\"potentialAction\":[{\"@type\":\"SearchAction\",\"target\":{\"@type\":\"EntryPoint\",\"urlTemplate\":\"https:\/\/sociedadyseguridadsocial.org\/?s={search_term_string}\"},\"query-input\":\"required name=search_term_string\"}],\"inLanguage\":\"es-DO\"},{\"@type\":\"Organization\",\"@id\":\"https:\/\/sociedadyseguridadsocial.org\/#organization\",\"name\":\"sociedadyseguridadsocial.org\",\"url\":\"https:\/\/sociedadyseguridadsocial.org\/\",\"logo\":{\"@type\":\"ImageObject\",\"inLanguage\":\"es-DO\",\"@id\":\"https:\/\/sociedadyseguridadsocial.org\/#\/schema\/logo\/image\/\",\"url\":\"https:\/\/sociedadyseguridadsocial.org\/wp-content\/uploads\/2023\/03\/cropped-cropped-IMG-20230317-WA0125-1.jpg\",\"contentUrl\":\"https:\/\/sociedadyseguridadsocial.org\/wp-content\/uploads\/2023\/03\/cropped-cropped-IMG-20230317-WA0125-1.jpg\",\"width\":265,\"height\":77,\"caption\":\"sociedadyseguridadsocial.org\"},\"image\":{\"@id\":\"https:\/\/sociedadyseguridadsocial.org\/#\/schema\/logo\/image\/\"},\"sameAs\":[\"https:\/\/www.facebook.com\/syseguridadsocial\",\"https:\/\/www.instagram.com\/sociedadyseguridadsocial\/\"]},{\"@type\":\"Person\",\"@id\":\"https:\/\/sociedadyseguridadsocial.org\/#\/schema\/person\/45cf5223b982daeb4936c66c072575e3\",\"name\":\"sociedadyseguridadsocial@gmail.com\",\"image\":{\"@type\":\"ImageObject\",\"inLanguage\":\"es-DO\",\"@id\":\"https:\/\/sociedadyseguridadsocial.org\/#\/schema\/person\/image\/\",\"url\":\"https:\/\/secure.gravatar.com\/avatar\/d0c387d833f1414553de50fe7294ab4c?s=96&d=mm&r=g\",\"contentUrl\":\"https:\/\/secure.gravatar.com\/avatar\/d0c387d833f1414553de50fe7294ab4c?s=96&d=mm&r=g\",\"caption\":\"sociedadyseguridadsocial@gmail.com\"},\"sameAs\":[\"http:\/\/sociedadyseguridadsocial.org\"],\"url\":\"https:\/\/sociedadyseguridadsocial.org\/?author=1\"}]}<\/script>\n<!-- \/ Yoast SEO plugin. -->","yoast_head_json":{"title":"*Presidenta de Copardom cita avances del sistema de seguridad social* - sociedadyseguridadsocial.org","robots":{"index":"index","follow":"follow","max-snippet":"max-snippet:-1","max-image-preview":"max-image-preview:large","max-video-preview":"max-video-preview:-1"},"canonical":"https:\/\/sociedadyseguridadsocial.org\/?p=1088","og_locale":"es_ES","og_type":"article","og_title":"*Presidenta de Copardom cita avances del sistema de seguridad social* - sociedadyseguridadsocial.org","og_description":"Republ\u00edca Dominicana . 11\/05\/2023.- * La presidenta de la Confederaci\u00f3n Patronal de la Rep\u00fablica Dominicana, Laura Pe\u00f1a Izquierdo, destac\u00f3 los logros del sistema de pensiones","og_url":"https:\/\/sociedadyseguridadsocial.org\/?p=1088","og_site_name":"sociedadyseguridadsocial.org","article_publisher":"https:\/\/www.facebook.com\/syseguridadsocial","article_published_time":"2023-05-12T02:00:39+00:00","article_modified_time":"2023-05-20T02:30:01+00:00","og_image":[{"width":853,"height":1280,"url":"https:\/\/sociedadyseguridadsocial.org\/wp-content\/uploads\/2023\/05\/PHOTO-2023-05-11-09-48-21.jpg","type":"image\/jpeg"}],"author":"sociedadyseguridadsocial@gmail.com","twitter_card":"summary_large_image","twitter_misc":{"Written by":"sociedadyseguridadsocial@gmail.com","Est. reading time":"3 minutos"},"schema":{"@context":"https:\/\/schema.org","@graph":[{"@type":"Article","@id":"https:\/\/sociedadyseguridadsocial.org\/?p=1088#article","isPartOf":{"@id":"https:\/\/sociedadyseguridadsocial.org\/?p=1088"},"author":{"name":"sociedadyseguridadsocial@gmail.com","@id":"https:\/\/sociedadyseguridadsocial.org\/#\/schema\/person\/45cf5223b982daeb4936c66c072575e3"},"headline":"*Presidenta de Copardom cita avances del sistema de seguridad social*","datePublished":"2023-05-12T02:00:39+00:00","dateModified":"2023-05-20T02:30:01+00:00","mainEntityOfPage":{"@id":"https:\/\/sociedadyseguridadsocial.org\/?p=1088"},"wordCount":651,"commentCount":0,"publisher":{"@id":"https:\/\/sociedadyseguridadsocial.org\/#organization"},"image":{"@id":"https:\/\/sociedadyseguridadsocial.org\/?p=1088#primaryimage"},"thumbnailUrl":"https:\/\/sociedadyseguridadsocial.org\/wp-content\/uploads\/2023\/05\/PHOTO-2023-05-11-09-48-21.jpg","keywords":["SEGURIDAD SOCIAL COPARDOM PANEL LAURA PE\u00d1A IZQUIERDO"],"articleSection":["LEY SS"],"inLanguage":"es-DO","potentialAction":[{"@type":"CommentAction","name":"Comment","target":["https:\/\/sociedadyseguridadsocial.org\/?p=1088#respond"]}]},{"@type":"WebPage","@id":"https:\/\/sociedadyseguridadsocial.org\/?p=1088","url":"https:\/\/sociedadyseguridadsocial.org\/?p=1088","name":"*Presidenta de Copardom cita avances del sistema de seguridad social* - sociedadyseguridadsocial.org","isPartOf":{"@id":"https:\/\/sociedadyseguridadsocial.org\/#website"},"primaryImageOfPage":{"@id":"https:\/\/sociedadyseguridadsocial.org\/?p=1088#primaryimage"},"image":{"@id":"https:\/\/sociedadyseguridadsocial.org\/?p=1088#primaryimage"},"thumbnailUrl":"https:\/\/sociedadyseguridadsocial.org\/wp-content\/uploads\/2023\/05\/PHOTO-2023-05-11-09-48-21.jpg","datePublished":"2023-05-12T02:00:39+00:00","dateModified":"2023-05-20T02:30:01+00:00","breadcrumb":{"@id":"https:\/\/sociedadyseguridadsocial.org\/?p=1088#breadcrumb"},"inLanguage":"es-DO","potentialAction":[{"@type":"ReadAction","target":["https:\/\/sociedadyseguridadsocial.org\/?p=1088"]}]},{"@type":"ImageObject","inLanguage":"es-DO","@id":"https:\/\/sociedadyseguridadsocial.org\/?p=1088#primaryimage","url":"https:\/\/sociedadyseguridadsocial.org\/wp-content\/uploads\/2023\/05\/PHOTO-2023-05-11-09-48-21.jpg","contentUrl":"https:\/\/sociedadyseguridadsocial.org\/wp-content\/uploads\/2023\/05\/PHOTO-2023-05-11-09-48-21.jpg","width":853,"height":1280},{"@type":"BreadcrumbList","@id":"https:\/\/sociedadyseguridadsocial.org\/?p=1088#breadcrumb","itemListElement":[{"@type":"ListItem","position":1,"name":"Portada","item":"https:\/\/sociedadyseguridadsocial.org\/"},{"@type":"ListItem","position":2,"name":"*Presidenta de Copardom cita avances del sistema de seguridad social*"}]},{"@type":"WebSite","@id":"https:\/\/sociedadyseguridadsocial.org\/#website","url":"https:\/\/sociedadyseguridadsocial.org\/","name":"sociedadyseguridadsocial.org","description":"S\u00f3lo salud, no es seguridad social.","publisher":{"@id":"https:\/\/sociedadyseguridadsocial.org\/#organization"},"potentialAction":[{"@type":"SearchAction","target":{"@type":"EntryPoint","urlTemplate":"https:\/\/sociedadyseguridadsocial.org\/?s={search_term_string}"},"query-input":"required name=search_term_string"}],"inLanguage":"es-DO"},{"@type":"Organization","@id":"https:\/\/sociedadyseguridadsocial.org\/#organization","name":"sociedadyseguridadsocial.org","url":"https:\/\/sociedadyseguridadsocial.org\/","logo":{"@type":"ImageObject","inLanguage":"es-DO","@id":"https:\/\/sociedadyseguridadsocial.org\/#\/schema\/logo\/image\/","url":"https:\/\/sociedadyseguridadsocial.org\/wp-content\/uploads\/2023\/03\/cropped-cropped-IMG-20230317-WA0125-1.jpg","contentUrl":"https:\/\/sociedadyseguridadsocial.org\/wp-content\/uploads\/2023\/03\/cropped-cropped-IMG-20230317-WA0125-1.jpg","width":265,"height":77,"caption":"sociedadyseguridadsocial.org"},"image":{"@id":"https:\/\/sociedadyseguridadsocial.org\/#\/schema\/logo\/image\/"},"sameAs":["https:\/\/www.facebook.com\/syseguridadsocial","https:\/\/www.instagram.com\/sociedadyseguridadsocial\/"]},{"@type":"Person","@id":"https:\/\/sociedadyseguridadsocial.org\/#\/schema\/person\/45cf5223b982daeb4936c66c072575e3","name":"sociedadyseguridadsocial@gmail.com","image":{"@type":"ImageObject","inLanguage":"es-DO","@id":"https:\/\/sociedadyseguridadsocial.org\/#\/schema\/person\/image\/","url":"https:\/\/secure.gravatar.com\/avatar\/d0c387d833f1414553de50fe7294ab4c?s=96&d=mm&r=g","contentUrl":"https:\/\/secure.gravatar.com\/avatar\/d0c387d833f1414553de50fe7294ab4c?s=96&d=mm&r=g","caption":"sociedadyseguridadsocial@gmail.com"},"sameAs":["http:\/\/sociedadyseguridadsocial.org"],"url":"https:\/\/sociedadyseguridadsocial.org\/?author=1"}]}},"_links":{"self":[{"href":"https:\/\/sociedadyseguridadsocial.org\/index.php?rest_route=\/wp\/v2\/posts\/1088"}],"collection":[{"href":"https:\/\/sociedadyseguridadsocial.org\/index.php?rest_route=\/wp\/v2\/posts"}],"about":[{"href":"https:\/\/sociedadyseguridadsocial.org\/index.php?rest_route=\/wp\/v2\/types\/post"}],"author":[{"embeddable":true,"href":"https:\/\/sociedadyseguridadsocial.org\/index.php?rest_route=\/wp\/v2\/users\/1"}],"replies":[{"embeddable":true,"href":"https:\/\/sociedadyseguridadsocial.org\/index.php?rest_route=%2Fwp%2Fv2%2Fcomments&post=1088"}],"version-history":[{"count":2,"href":"https:\/\/sociedadyseguridadsocial.org\/index.php?rest_route=\/wp\/v2\/posts\/1088\/revisions"}],"predecessor-version":[{"id":1092,"href":"https:\/\/sociedadyseguridadsocial.org\/index.php?rest_route=\/wp\/v2\/posts\/1088\/revisions\/1092"}],"wp:featuredmedia":[{"embeddable":true,"href":"https:\/\/sociedadyseguridadsocial.org\/index.php?rest_route=\/wp\/v2\/media\/1089"}],"wp:attachment":[{"href":"https:\/\/sociedadyseguridadsocial.org\/index.php?rest_route=%2Fwp%2Fv2%2Fmedia&parent=1088"}],"wp:term":[{"taxonomy":"category","embeddable":true,"href":"https:\/\/sociedadyseguridadsocial.org\/index.php?rest_route=%2Fwp%2Fv2%2Fcategories&post=1088"},{"taxonomy":"post_tag","embeddable":true,"href":"https:\/\/sociedadyseguridadsocial.org\/index.php?rest_route=%2Fwp%2Fv2%2Ftags&post=1088"}],"curies":[{"name":"wp","href":"https:\/\/api.w.org\/{rel}","templated":true}]}}