{"id":1093,"date":"2023-05-21T13:19:19","date_gmt":"2023-05-21T13:19:19","guid":{"rendered":"https:\/\/sociedadyseguridadsocial.org\/?p=1093"},"modified":"2023-05-21T13:19:19","modified_gmt":"2023-05-21T13:19:19","slug":"cnss-lanza-estrategia-en-educacion-por-una-cultura-en-seguridad-social","status":"publish","type":"post","link":"https:\/\/sociedadyseguridadsocial.org\/?p=1093","title":{"rendered":"CNSS lanza \u201cEstrategia en Educaci\u00f3n por una cultura en Seguridad Social\u201d"},"content":{"rendered":"<div dir=\"auto\">\n<div dir=\"auto\"><\/div>\n<div dir=\"auto\">Rep\u00fablica Dominicana. 21\/Mayo\/2023.-<\/div>\n<div dir=\"auto\"><\/div>\n<div dir=\"auto\">El Consejo Nacional de Seguridad Social (CNSS) puso en ejecuci\u00f3n la `Estrategia en Educaci\u00f3n por una Cultura en Seguridad Social` que tiene por finalidad fortalecer el conocimiento de la ciudadan\u00eda sobre el Sistema Dominicano de Seguridad Social.<\/p>\n<\/div>\n<div dir=\"auto\">Durante la actividad, realizada en el D\u00eda Nacional de Seguridad Social, el Gerente General del CNSS, Edward Guzm\u00e1n asegur\u00f3 que trabajan para dar cumplimiento al art\u00edculo 6 de la Ley 87-01 que instruye a educar en Seguridad Social.<\/p>\n<\/div>\n<div dir=\"auto\">\u201cEs para nosotros fundamental que nuestros afiliados conozcan sus derechos, sus deberes y sus prestaciones sean garantizadas. Con esta finalidad hemos dise\u00f1ado y se pone en ejecuci\u00f3n a partir de la fecha esta estrategia, con acciones focalizadas en tres grandes l\u00edneas: ni\u00f1os\/ni\u00f1as y adolescentes, j\u00f3venes, adulto\/adulto mayor y personas con discapacidad\u201d, dijo Guzm\u00e1n.<\/p>\n<\/div>\n<div dir=\"auto\">Explic\u00f3 que con la primera estrategia ser\u00e1n impactados cerca de dos millones de ni\u00f1os, ni\u00f1as y adolescentes de nivel primario, secundario y formaci\u00f3n t\u00e9cnica, que adquirir\u00e1n el conocimiento en materia de Seguridad Social desde temprana edad, gracias a los acuerdos concretizados con la Organizaci\u00f3n Iberoamericana en Seguridad Social (OISS), la Conferencia Interamericana de Seguridad Social (CISS), el Consejo de Institutos de Seguridad Social de Centroam\u00e9rica y Rep\u00fablica Dominicana (CISSCAD) y organismos nacionales que fomentaran\u00a0 el intercambio de experiencias, as\u00ed como el apoyo t\u00e9cnico en materia para sentar las bases que permitir\u00e1n el desarrollo de alianzas interinstitucionales a nivel nacional a corto plazo.<\/p>\n<\/div>\n<\/div>\n<div dir=\"auto\"><\/div>\n<div dir=\"auto\">\n<div dir=\"auto\">As\u00ed mismo precis\u00f3<\/div>\n<p><img decoding=\"async\" loading=\"lazy\" class=\" wp-image-1095 alignright\" src=\"https:\/\/sociedadyseguridadsocial.org\/wp-content\/uploads\/2023\/05\/CNSS7009-287x300.jpg\" alt=\"\" width=\"459\" height=\"480\" srcset=\"https:\/\/sociedadyseguridadsocial.org\/wp-content\/uploads\/2023\/05\/CNSS7009-287x300.jpg 287w, https:\/\/sociedadyseguridadsocial.org\/wp-content\/uploads\/2023\/05\/CNSS7009-980x1024.jpg 980w, https:\/\/sociedadyseguridadsocial.org\/wp-content\/uploads\/2023\/05\/CNSS7009-768x803.jpg 768w, https:\/\/sociedadyseguridadsocial.org\/wp-content\/uploads\/2023\/05\/CNSS7009-1170x1223.jpg 1170w, https:\/\/sociedadyseguridadsocial.org\/wp-content\/uploads\/2023\/05\/CNSS7009.jpg 1302w\" sizes=\"(max-width: 459px) 100vw, 459px\" \/><\/p>\n<div dir=\"auto\">\u00a0que con el apoyo del Ministerio de Econom\u00eda Planificaci\u00f3n y Desarrollo (MEPYD) se logr\u00f3 la inclusi\u00f3n del proyecto educar en cultura de seguridad social dentro del programa de cooperaci\u00f3n bilateral para el 2023-2025 entre Colombia y Rep\u00fablica Dominicana<\/p>\n<\/div>\n<div dir=\"auto\">\u201cigualmente nos encontramos desarrollando mesas de trabajo para aunar esfuerzos con el Ministerio de Educaci\u00f3n (MINERD) con el que en los pr\u00f3ximos d\u00edas estaremos firmando un nuevo acuerdo de colaboraci\u00f3n, y con el Instituto de Instituto Tecnol\u00f3gico de las Am\u00e9ricas (ITLA) que permitir\u00e1 impactar a toda la poblaci\u00f3n estudiantil del nivel inicial.\u201d<\/p>\n<\/div>\n<div dir=\"auto\">En cuanto a l\u00ednea de acci\u00f3n de j\u00f3venes y adultos, en conjunto con otras instituciones del SDSS y organismos internacionales, vamos a realizar en el pa\u00eds una l\u00ednea de acci\u00f3n formativa a nivel de Postgrado. La iniciativa incluye tambi\u00e9n como punta de lanza poder realizar acuerdos de colaboraci\u00f3n con universidades a nivel nacional que permitan desplegar de manera transversal dentro de la malla curricular una oferta formativa avalada y con acreditaci\u00f3n de los organismos competentes as\u00ed mismo incluye talleres y diplomados.<\/div>\n<div dir=\"auto\"><\/div>\n<div dir=\"auto\"><\/div>\n<div dir=\"auto\">\u201cDestacamos el reciente acuerdo con la Pontificia Universidad Cat\u00f3lica Madre y Maestra para impulsar la educaci\u00f3n en Seguridad Social y tenemos en proyecto continuar esos acuerdos con las casas de altos estudios de nuestro pa\u00eds como la UASD, INTEC y UNIBE\u201d, dijo el funcionario.<\/div>\n<div dir=\"auto\"><\/div>\n<div dir=\"auto\"><\/div>\n<\/div>\n<div dir=\"auto\"><span dir=\"auto\">Explic\u00f3 que para iniciar la estrategia con personas con discapacidad lo har\u00e1n con el grupo objetivo de profesionales en esa situaci\u00f3n, para lo cual ya ha sido firmado un acuerdo de colaboraci\u00f3n con el Consejo Nacional de la Discapacidad (CONADIS).<\/span><\/div>\n","protected":false},"excerpt":{"rendered":"<p>Rep\u00fablica Dominicana. 21\/Mayo\/2023.- El Consejo Nacional de Seguridad Social (CNSS) puso en ejecuci\u00f3n la `Estrategia en Educaci\u00f3n por una Cultura en Seguridad Social` que tiene<\/p>\n","protected":false},"author":1,"featured_media":1094,"comment_status":"open","ping_status":"open","sticky":false,"template":"","format":"standard","meta":{"footnotes":""},"categories":[28],"tags":[69,71,74,73,70,72],"yoast_head":"<!-- This site is optimized with the Yoast SEO plugin v22.6 - https:\/\/yoast.com\/wordpress\/plugins\/seo\/ -->\n<title>CNSS lanza \u201cEstrategia en Educaci\u00f3n por una cultura en Seguridad Social\u201d - sociedadyseguridadsocial.org<\/title>\n<meta name=\"robots\" content=\"index, follow, max-snippet:-1, max-image-preview:large, max-video-preview:-1\" \/>\n<link rel=\"canonical\" href=\"https:\/\/sociedadyseguridadsocial.org\/?p=1093\" \/>\n<meta property=\"og:locale\" content=\"es_ES\" \/>\n<meta property=\"og:type\" content=\"article\" \/>\n<meta property=\"og:title\" content=\"CNSS lanza \u201cEstrategia en Educaci\u00f3n por una cultura en Seguridad Social\u201d - sociedadyseguridadsocial.org\" \/>\n<meta property=\"og:description\" content=\"Rep\u00fablica Dominicana. 21\/Mayo\/2023.- El Consejo Nacional de Seguridad Social (CNSS) puso en ejecuci\u00f3n la `Estrategia en Educaci\u00f3n por una Cultura en Seguridad Social` que tiene\" \/>\n<meta property=\"og:url\" content=\"https:\/\/sociedadyseguridadsocial.org\/?p=1093\" \/>\n<meta property=\"og:site_name\" content=\"sociedadyseguridadsocial.org\" \/>\n<meta property=\"article:publisher\" content=\"https:\/\/www.facebook.com\/syseguridadsocial\" \/>\n<meta property=\"article:published_time\" content=\"2023-05-21T13:19:19+00:00\" \/>\n<meta property=\"og:image\" content=\"https:\/\/sociedadyseguridadsocial.org\/wp-content\/uploads\/2023\/05\/CNSS7032.jpg\" \/>\n\t<meta property=\"og:image:width\" content=\"2042\" \/>\n\t<meta property=\"og:image:height\" content=\"1066\" \/>\n\t<meta property=\"og:image:type\" content=\"image\/jpeg\" \/>\n<meta name=\"author\" content=\"sociedadyseguridadsocial@gmail.com\" \/>\n<meta name=\"twitter:card\" content=\"summary_large_image\" \/>\n<meta name=\"twitter:label1\" content=\"Written by\" \/>\n\t<meta name=\"twitter:data1\" content=\"sociedadyseguridadsocial@gmail.com\" \/>\n\t<meta name=\"twitter:label2\" content=\"Est. reading time\" \/>\n\t<meta name=\"twitter:data2\" content=\"3 minutos\" \/>\n<script type=\"application\/ld+json\" class=\"yoast-schema-graph\">{\"@context\":\"https:\/\/schema.org\",\"@graph\":[{\"@type\":\"Article\",\"@id\":\"https:\/\/sociedadyseguridadsocial.org\/?p=1093#article\",\"isPartOf\":{\"@id\":\"https:\/\/sociedadyseguridadsocial.org\/?p=1093\"},\"author\":{\"name\":\"sociedadyseguridadsocial@gmail.com\",\"@id\":\"https:\/\/sociedadyseguridadsocial.org\/#\/schema\/person\/45cf5223b982daeb4936c66c072575e3\"},\"headline\":\"CNSS lanza \u201cEstrategia en Educaci\u00f3n por una cultura en Seguridad Social\u201d\",\"datePublished\":\"2023-05-21T13:19:19+00:00\",\"dateModified\":\"2023-05-21T13:19:19+00:00\",\"mainEntityOfPage\":{\"@id\":\"https:\/\/sociedadyseguridadsocial.org\/?p=1093\"},\"wordCount\":557,\"commentCount\":0,\"publisher\":{\"@id\":\"https:\/\/sociedadyseguridadsocial.org\/#organization\"},\"image\":{\"@id\":\"https:\/\/sociedadyseguridadsocial.org\/?p=1093#primaryimage\"},\"thumbnailUrl\":\"https:\/\/sociedadyseguridadsocial.org\/wp-content\/uploads\/2023\/05\/CNSS7032.jpg\",\"keywords\":[\"CNSS\",\"EDUCACION\",\"EDWARD GUZMAN\",\"ESTRATEGIA\",\"SDSS\",\"SEGURIDAD SOCIAL CULTURA\"],\"articleSection\":[\"LEY SS\"],\"inLanguage\":\"es-DO\",\"potentialAction\":[{\"@type\":\"CommentAction\",\"name\":\"Comment\",\"target\":[\"https:\/\/sociedadyseguridadsocial.org\/?p=1093#respond\"]}]},{\"@type\":\"WebPage\",\"@id\":\"https:\/\/sociedadyseguridadsocial.org\/?p=1093\",\"url\":\"https:\/\/sociedadyseguridadsocial.org\/?p=1093\",\"name\":\"CNSS lanza \u201cEstrategia en Educaci\u00f3n por una cultura en Seguridad Social\u201d - sociedadyseguridadsocial.org\",\"isPartOf\":{\"@id\":\"https:\/\/sociedadyseguridadsocial.org\/#website\"},\"primaryImageOfPage\":{\"@id\":\"https:\/\/sociedadyseguridadsocial.org\/?p=1093#primaryimage\"},\"image\":{\"@id\":\"https:\/\/sociedadyseguridadsocial.org\/?p=1093#primaryimage\"},\"thumbnailUrl\":\"https:\/\/sociedadyseguridadsocial.org\/wp-content\/uploads\/2023\/05\/CNSS7032.jpg\",\"datePublished\":\"2023-05-21T13:19:19+00:00\",\"dateModified\":\"2023-05-21T13:19:19+00:00\",\"breadcrumb\":{\"@id\":\"https:\/\/sociedadyseguridadsocial.org\/?p=1093#breadcrumb\"},\"inLanguage\":\"es-DO\",\"potentialAction\":[{\"@type\":\"ReadAction\",\"target\":[\"https:\/\/sociedadyseguridadsocial.org\/?p=1093\"]}]},{\"@type\":\"ImageObject\",\"inLanguage\":\"es-DO\",\"@id\":\"https:\/\/sociedadyseguridadsocial.org\/?p=1093#primaryimage\",\"url\":\"https:\/\/sociedadyseguridadsocial.org\/wp-content\/uploads\/2023\/05\/CNSS7032.jpg\",\"contentUrl\":\"https:\/\/sociedadyseguridadsocial.org\/wp-content\/uploads\/2023\/05\/CNSS7032.jpg\",\"width\":2042,\"height\":1066},{\"@type\":\"BreadcrumbList\",\"@id\":\"https:\/\/sociedadyseguridadsocial.org\/?p=1093#breadcrumb\",\"itemListElement\":[{\"@type\":\"ListItem\",\"position\":1,\"name\":\"Portada\",\"item\":\"https:\/\/sociedadyseguridadsocial.org\/\"},{\"@type\":\"ListItem\",\"position\":2,\"name\":\"CNSS lanza \u201cEstrategia en Educaci\u00f3n por una cultura en Seguridad Social\u201d\"}]},{\"@type\":\"WebSite\",\"@id\":\"https:\/\/sociedadyseguridadsocial.org\/#website\",\"url\":\"https:\/\/sociedadyseguridadsocial.org\/\",\"name\":\"sociedadyseguridadsocial.org\",\"description\":\"S\u00f3lo salud, no es seguridad social.\",\"publisher\":{\"@id\":\"https:\/\/sociedadyseguridadsocial.org\/#organization\"},\"potentialAction\":[{\"@type\":\"SearchAction\",\"target\":{\"@type\":\"EntryPoint\",\"urlTemplate\":\"https:\/\/sociedadyseguridadsocial.org\/?s={search_term_string}\"},\"query-input\":\"required name=search_term_string\"}],\"inLanguage\":\"es-DO\"},{\"@type\":\"Organization\",\"@id\":\"https:\/\/sociedadyseguridadsocial.org\/#organization\",\"name\":\"sociedadyseguridadsocial.org\",\"url\":\"https:\/\/sociedadyseguridadsocial.org\/\",\"logo\":{\"@type\":\"ImageObject\",\"inLanguage\":\"es-DO\",\"@id\":\"https:\/\/sociedadyseguridadsocial.org\/#\/schema\/logo\/image\/\",\"url\":\"https:\/\/sociedadyseguridadsocial.org\/wp-content\/uploads\/2023\/03\/cropped-cropped-IMG-20230317-WA0125-1.jpg\",\"contentUrl\":\"https:\/\/sociedadyseguridadsocial.org\/wp-content\/uploads\/2023\/03\/cropped-cropped-IMG-20230317-WA0125-1.jpg\",\"width\":265,\"height\":77,\"caption\":\"sociedadyseguridadsocial.org\"},\"image\":{\"@id\":\"https:\/\/sociedadyseguridadsocial.org\/#\/schema\/logo\/image\/\"},\"sameAs\":[\"https:\/\/www.facebook.com\/syseguridadsocial\",\"https:\/\/www.instagram.com\/sociedadyseguridadsocial\/\"]},{\"@type\":\"Person\",\"@id\":\"https:\/\/sociedadyseguridadsocial.org\/#\/schema\/person\/45cf5223b982daeb4936c66c072575e3\",\"name\":\"sociedadyseguridadsocial@gmail.com\",\"image\":{\"@type\":\"ImageObject\",\"inLanguage\":\"es-DO\",\"@id\":\"https:\/\/sociedadyseguridadsocial.org\/#\/schema\/person\/image\/\",\"url\":\"https:\/\/secure.gravatar.com\/avatar\/d0c387d833f1414553de50fe7294ab4c?s=96&d=mm&r=g\",\"contentUrl\":\"https:\/\/secure.gravatar.com\/avatar\/d0c387d833f1414553de50fe7294ab4c?s=96&d=mm&r=g\",\"caption\":\"sociedadyseguridadsocial@gmail.com\"},\"sameAs\":[\"http:\/\/sociedadyseguridadsocial.org\"],\"url\":\"https:\/\/sociedadyseguridadsocial.org\/?author=1\"}]}<\/script>\n<!-- \/ Yoast SEO plugin. -->","yoast_head_json":{"title":"CNSS lanza \u201cEstrategia en Educaci\u00f3n por una cultura en Seguridad Social\u201d - sociedadyseguridadsocial.org","robots":{"index":"index","follow":"follow","max-snippet":"max-snippet:-1","max-image-preview":"max-image-preview:large","max-video-preview":"max-video-preview:-1"},"canonical":"https:\/\/sociedadyseguridadsocial.org\/?p=1093","og_locale":"es_ES","og_type":"article","og_title":"CNSS lanza \u201cEstrategia en Educaci\u00f3n por una cultura en Seguridad Social\u201d - sociedadyseguridadsocial.org","og_description":"Rep\u00fablica Dominicana. 21\/Mayo\/2023.- El Consejo Nacional de Seguridad Social (CNSS) puso en ejecuci\u00f3n la `Estrategia en Educaci\u00f3n por una Cultura en Seguridad Social` que tiene","og_url":"https:\/\/sociedadyseguridadsocial.org\/?p=1093","og_site_name":"sociedadyseguridadsocial.org","article_publisher":"https:\/\/www.facebook.com\/syseguridadsocial","article_published_time":"2023-05-21T13:19:19+00:00","og_image":[{"width":2042,"height":1066,"url":"https:\/\/sociedadyseguridadsocial.org\/wp-content\/uploads\/2023\/05\/CNSS7032.jpg","type":"image\/jpeg"}],"author":"sociedadyseguridadsocial@gmail.com","twitter_card":"summary_large_image","twitter_misc":{"Written by":"sociedadyseguridadsocial@gmail.com","Est. reading time":"3 minutos"},"schema":{"@context":"https:\/\/schema.org","@graph":[{"@type":"Article","@id":"https:\/\/sociedadyseguridadsocial.org\/?p=1093#article","isPartOf":{"@id":"https:\/\/sociedadyseguridadsocial.org\/?p=1093"},"author":{"name":"sociedadyseguridadsocial@gmail.com","@id":"https:\/\/sociedadyseguridadsocial.org\/#\/schema\/person\/45cf5223b982daeb4936c66c072575e3"},"headline":"CNSS lanza \u201cEstrategia en Educaci\u00f3n por una cultura en Seguridad Social\u201d","datePublished":"2023-05-21T13:19:19+00:00","dateModified":"2023-05-21T13:19:19+00:00","mainEntityOfPage":{"@id":"https:\/\/sociedadyseguridadsocial.org\/?p=1093"},"wordCount":557,"commentCount":0,"publisher":{"@id":"https:\/\/sociedadyseguridadsocial.org\/#organization"},"image":{"@id":"https:\/\/sociedadyseguridadsocial.org\/?p=1093#primaryimage"},"thumbnailUrl":"https:\/\/sociedadyseguridadsocial.org\/wp-content\/uploads\/2023\/05\/CNSS7032.jpg","keywords":["CNSS","EDUCACION","EDWARD GUZMAN","ESTRATEGIA","SDSS","SEGURIDAD SOCIAL CULTURA"],"articleSection":["LEY SS"],"inLanguage":"es-DO","potentialAction":[{"@type":"CommentAction","name":"Comment","target":["https:\/\/sociedadyseguridadsocial.org\/?p=1093#respond"]}]},{"@type":"WebPage","@id":"https:\/\/sociedadyseguridadsocial.org\/?p=1093","url":"https:\/\/sociedadyseguridadsocial.org\/?p=1093","name":"CNSS lanza \u201cEstrategia en Educaci\u00f3n por una cultura en Seguridad Social\u201d - sociedadyseguridadsocial.org","isPartOf":{"@id":"https:\/\/sociedadyseguridadsocial.org\/#website"},"primaryImageOfPage":{"@id":"https:\/\/sociedadyseguridadsocial.org\/?p=1093#primaryimage"},"image":{"@id":"https:\/\/sociedadyseguridadsocial.org\/?p=1093#primaryimage"},"thumbnailUrl":"https:\/\/sociedadyseguridadsocial.org\/wp-content\/uploads\/2023\/05\/CNSS7032.jpg","datePublished":"2023-05-21T13:19:19+00:00","dateModified":"2023-05-21T13:19:19+00:00","breadcrumb":{"@id":"https:\/\/sociedadyseguridadsocial.org\/?p=1093#breadcrumb"},"inLanguage":"es-DO","potentialAction":[{"@type":"ReadAction","target":["https:\/\/sociedadyseguridadsocial.org\/?p=1093"]}]},{"@type":"ImageObject","inLanguage":"es-DO","@id":"https:\/\/sociedadyseguridadsocial.org\/?p=1093#primaryimage","url":"https:\/\/sociedadyseguridadsocial.org\/wp-content\/uploads\/2023\/05\/CNSS7032.jpg","contentUrl":"https:\/\/sociedadyseguridadsocial.org\/wp-content\/uploads\/2023\/05\/CNSS7032.jpg","width":2042,"height":1066},{"@type":"BreadcrumbList","@id":"https:\/\/sociedadyseguridadsocial.org\/?p=1093#breadcrumb","itemListElement":[{"@type":"ListItem","position":1,"name":"Portada","item":"https:\/\/sociedadyseguridadsocial.org\/"},{"@type":"ListItem","position":2,"name":"CNSS lanza \u201cEstrategia en Educaci\u00f3n por una cultura en Seguridad Social\u201d"}]},{"@type":"WebSite","@id":"https:\/\/sociedadyseguridadsocial.org\/#website","url":"https:\/\/sociedadyseguridadsocial.org\/","name":"sociedadyseguridadsocial.org","description":"S\u00f3lo salud, no es seguridad social.","publisher":{"@id":"https:\/\/sociedadyseguridadsocial.org\/#organization"},"potentialAction":[{"@type":"SearchAction","target":{"@type":"EntryPoint","urlTemplate":"https:\/\/sociedadyseguridadsocial.org\/?s={search_term_string}"},"query-input":"required name=search_term_string"}],"inLanguage":"es-DO"},{"@type":"Organization","@id":"https:\/\/sociedadyseguridadsocial.org\/#organization","name":"sociedadyseguridadsocial.org","url":"https:\/\/sociedadyseguridadsocial.org\/","logo":{"@type":"ImageObject","inLanguage":"es-DO","@id":"https:\/\/sociedadyseguridadsocial.org\/#\/schema\/logo\/image\/","url":"https:\/\/sociedadyseguridadsocial.org\/wp-content\/uploads\/2023\/03\/cropped-cropped-IMG-20230317-WA0125-1.jpg","contentUrl":"https:\/\/sociedadyseguridadsocial.org\/wp-content\/uploads\/2023\/03\/cropped-cropped-IMG-20230317-WA0125-1.jpg","width":265,"height":77,"caption":"sociedadyseguridadsocial.org"},"image":{"@id":"https:\/\/sociedadyseguridadsocial.org\/#\/schema\/logo\/image\/"},"sameAs":["https:\/\/www.facebook.com\/syseguridadsocial","https:\/\/www.instagram.com\/sociedadyseguridadsocial\/"]},{"@type":"Person","@id":"https:\/\/sociedadyseguridadsocial.org\/#\/schema\/person\/45cf5223b982daeb4936c66c072575e3","name":"sociedadyseguridadsocial@gmail.com","image":{"@type":"ImageObject","inLanguage":"es-DO","@id":"https:\/\/sociedadyseguridadsocial.org\/#\/schema\/person\/image\/","url":"https:\/\/secure.gravatar.com\/avatar\/d0c387d833f1414553de50fe7294ab4c?s=96&d=mm&r=g","contentUrl":"https:\/\/secure.gravatar.com\/avatar\/d0c387d833f1414553de50fe7294ab4c?s=96&d=mm&r=g","caption":"sociedadyseguridadsocial@gmail.com"},"sameAs":["http:\/\/sociedadyseguridadsocial.org"],"url":"https:\/\/sociedadyseguridadsocial.org\/?author=1"}]}},"_links":{"self":[{"href":"https:\/\/sociedadyseguridadsocial.org\/index.php?rest_route=\/wp\/v2\/posts\/1093"}],"collection":[{"href":"https:\/\/sociedadyseguridadsocial.org\/index.php?rest_route=\/wp\/v2\/posts"}],"about":[{"href":"https:\/\/sociedadyseguridadsocial.org\/index.php?rest_route=\/wp\/v2\/types\/post"}],"author":[{"embeddable":true,"href":"https:\/\/sociedadyseguridadsocial.org\/index.php?rest_route=\/wp\/v2\/users\/1"}],"replies":[{"embeddable":true,"href":"https:\/\/sociedadyseguridadsocial.org\/index.php?rest_route=%2Fwp%2Fv2%2Fcomments&post=1093"}],"version-history":[{"count":3,"href":"https:\/\/sociedadyseguridadsocial.org\/index.php?rest_route=\/wp\/v2\/posts\/1093\/revisions"}],"predecessor-version":[{"id":1098,"href":"https:\/\/sociedadyseguridadsocial.org\/index.php?rest_route=\/wp\/v2\/posts\/1093\/revisions\/1098"}],"wp:featuredmedia":[{"embeddable":true,"href":"https:\/\/sociedadyseguridadsocial.org\/index.php?rest_route=\/wp\/v2\/media\/1094"}],"wp:attachment":[{"href":"https:\/\/sociedadyseguridadsocial.org\/index.php?rest_route=%2Fwp%2Fv2%2Fmedia&parent=1093"}],"wp:term":[{"taxonomy":"category","embeddable":true,"href":"https:\/\/sociedadyseguridadsocial.org\/index.php?rest_route=%2Fwp%2Fv2%2Fcategories&post=1093"},{"taxonomy":"post_tag","embeddable":true,"href":"https:\/\/sociedadyseguridadsocial.org\/index.php?rest_route=%2Fwp%2Fv2%2Ftags&post=1093"}],"curies":[{"name":"wp","href":"https:\/\/api.w.org\/{rel}","templated":true}]}}