{"id":1100,"date":"2023-05-28T16:23:32","date_gmt":"2023-05-28T16:23:32","guid":{"rendered":"https:\/\/sociedadyseguridadsocial.org\/?p=1100"},"modified":"2023-05-28T16:23:32","modified_gmt":"2023-05-28T16:23:32","slug":"las-multiples-caras-del-dolor","status":"publish","type":"post","link":"https:\/\/sociedadyseguridadsocial.org\/?p=1100","title":{"rendered":"Las m\u00faltiples caras del dolor"},"content":{"rendered":"<p>&nbsp;<\/p>\n<p>Las personas experimentan el dolor de muchas maneras diferentes. El dolor puede variar desde la sensaci\u00f3n aguda de una cortada con papel o una picadura de abeja hasta la sensaci\u00f3n sorda y persistente de un dolor muscular. En algunos casos, es constante mientras que en otros, aparece y desaparece.<\/p>\n<p>El dolor puede ser agudo o cr\u00f3nico:<\/p>\n<ul>\n<li><strong>El dolor agudo\u00a0<\/strong>es el dolor que sentimos cuando nos lastimamos o lesionamos. Es posible que hayamos experimentado un dolor agudo por una lesi\u00f3n, como una cortada o una extremidad partida, o por una enfermedad o inflamaci\u00f3n en el cuerpo. El dolor agudo puede ser intenso y fuerte, pero generalmente desaparece a medida que el cuerpo se recupera de lo que lo caus\u00f3.<\/li>\n<li><strong>El dolor cr\u00f3nico<\/strong>\u00a0es un dolor que dura mucho m\u00e1s, generalmente meses y, a veces, incluso a\u00f1os. El dolor cr\u00f3nico a veces tiene una causa clara, como una lesi\u00f3n aguda, una enfermedad prolongada o una lesi\u00f3n y disfunci\u00f3n del sistema nervioso. Algunas veces incluso aparece sin una raz\u00f3n obvia.<\/li>\n<\/ul>\n<p>Los diferentes tipos de dolor tienen diferentes causas:<\/p>\n<ul>\n<li><strong>El dolor nociceptivo<\/strong>, es el dolor causado por una lesi\u00f3n en los tejidos. La mayor\u00eda de los dolores agudos son nociceptivos.<\/li>\n<li><strong>El dolor neurop\u00e1tico<\/strong>, es el dolor causado por una lesi\u00f3n o disfunci\u00f3n en los nervios. Podemos experimentar dolor neurop\u00e1tico por lesiones o enfermedades que afectan la m\u00e9dula espinal y el cerebro (por ejemplo, una hernia discal en la columna) o el sistema nervioso perif\u00e9rico (los nervios del resto del cuerpo). Por lo general, este tipo de dolor se siente como una quemadura, un disparo o una pu\u00f1alada.<\/li>\n<li><strong>El dolor inflamatorio<\/strong>, es el dolor que se presenta cuando se activa el sistema inmunitario \u00a0en respuesta a una lesi\u00f3n o infecci\u00f3n. Adem\u00e1s de causar enrojecimiento o inflamaci\u00f3n, puede volvernos m\u00e1s sensible a las sensaciones de dolor.\n<p>C\u00f3mo experimentamos el dolor<\/p>\n<ol>\n<li>Cuando nos lesionamos alguna parte del cuerpo, los receptores especiales del dolor de esa zona liberan sustancias qu\u00edmicas conocidas como neurotransmisores, que env\u00edan mensajes al cerebro.<\/li>\n<li>Los mensajes viajan a lo largo de los nervios hasta la m\u00e9dula espinal y, finalmente, hasta el cerebro, dici\u00e9ndole: \"Algo podr\u00eda estar mal aqu\u00ed, \u00a1preste atenci\u00f3n!\"<\/li>\n<li>El cerebro recibe y procesa estos mensajes, los eval\u00faa y decide qu\u00e9 hacer.<\/li>\n<li>El cerebro env\u00eda mensajes al cuerpo para que reaccione. Dependiendo de la situaci\u00f3n, esto podr\u00eda significar activar r\u00e1pidamente los m\u00fasculos del cuerpo para alejarlos de lo que sea que est\u00e9 causando el dolor. \u00a1Esta reacci\u00f3n puede parecer instant\u00e1nea! Si nos lesionamos, el cerebro \u00a0podr\u00eda tambi\u00e9n liberar analg\u00e9sicos naturales conocidos como endorfinas o decirle al sistema inmunitario que comience a curar la lesi\u00f3n.<\/li>\n<\/ol>\n<p>Esfuerzos de los NIH<\/li>\n<li>El <a id=\"anch_36\" style=\"font-size: 16px;\" href=\"https:\/\/www.nccih.nih.gov\/research\/nih-pain-research-center\" target=\"_blank\" rel=\"noopener\">Centro de Investigaci\u00f3n del Dolor de los NIH<\/a><span style=\"font-size: 16px;\">\u00a0(en ingl\u00e9s) trabaja para identificar los mecanismos espec\u00edficos y las causas del dolor en una variedad de condiciones. La meta es ayudar a los investigadores a desarrollar formas m\u00e1s eficaces y personalizadas de manejar y tratar el dolor, prevenir afecciones de dolor cr\u00f3nico y reducir los efectos secundarios no deseados, como el uso indebido de opi\u00e1ceos y la adicci\u00f3n.<\/span><\/li>\n<\/ul>\n<p>&nbsp;<\/p>\n<p>FUENTE:https:\/\/magazine.medlineplus.gov<\/p>\n","protected":false},"excerpt":{"rendered":"<p>&nbsp; Las personas experimentan el dolor de muchas maneras diferentes. El dolor puede variar desde la sensaci\u00f3n aguda de una cortada con papel o una<\/p>\n","protected":false},"author":1,"featured_media":1101,"comment_status":"open","ping_status":"open","sticky":false,"template":"","format":"standard","meta":{"footnotes":""},"categories":[29],"tags":[75,77,76,78],"yoast_head":"<!-- This site is optimized with the Yoast SEO plugin v22.6 - https:\/\/yoast.com\/wordpress\/plugins\/seo\/ -->\n<title>Las m\u00faltiples caras del dolor - sociedadyseguridadsocial.org<\/title>\n<meta name=\"robots\" content=\"index, follow, max-snippet:-1, max-image-preview:large, max-video-preview:-1\" \/>\n<link rel=\"canonical\" href=\"https:\/\/sociedadyseguridadsocial.org\/?p=1100\" \/>\n<meta property=\"og:locale\" content=\"es_ES\" \/>\n<meta property=\"og:type\" content=\"article\" \/>\n<meta property=\"og:title\" content=\"Las m\u00faltiples caras del dolor - sociedadyseguridadsocial.org\" \/>\n<meta property=\"og:description\" content=\"&nbsp; Las personas experimentan el dolor de muchas maneras diferentes. El dolor puede variar desde la sensaci\u00f3n aguda de una cortada con papel o una\" \/>\n<meta property=\"og:url\" content=\"https:\/\/sociedadyseguridadsocial.org\/?p=1100\" \/>\n<meta property=\"og:site_name\" content=\"sociedadyseguridadsocial.org\" \/>\n<meta property=\"article:publisher\" content=\"https:\/\/www.facebook.com\/syseguridadsocial\" \/>\n<meta property=\"article:published_time\" content=\"2023-05-28T16:23:32+00:00\" \/>\n<meta property=\"og:image\" content=\"https:\/\/sociedadyseguridadsocial.org\/wp-content\/uploads\/2023\/05\/PHOTO-2023-05-28-11-40-31.jpg\" \/>\n\t<meta property=\"og:image:width\" content=\"908\" \/>\n\t<meta property=\"og:image:height\" content=\"908\" \/>\n\t<meta property=\"og:image:type\" content=\"image\/jpeg\" \/>\n<meta name=\"author\" content=\"sociedadyseguridadsocial@gmail.com\" \/>\n<meta name=\"twitter:card\" content=\"summary_large_image\" \/>\n<meta name=\"twitter:label1\" content=\"Written by\" \/>\n\t<meta name=\"twitter:data1\" content=\"sociedadyseguridadsocial@gmail.com\" \/>\n\t<meta name=\"twitter:label2\" content=\"Est. reading time\" \/>\n\t<meta name=\"twitter:data2\" content=\"3 minutos\" \/>\n<script type=\"application\/ld+json\" class=\"yoast-schema-graph\">{\"@context\":\"https:\/\/schema.org\",\"@graph\":[{\"@type\":\"Article\",\"@id\":\"https:\/\/sociedadyseguridadsocial.org\/?p=1100#article\",\"isPartOf\":{\"@id\":\"https:\/\/sociedadyseguridadsocial.org\/?p=1100\"},\"author\":{\"name\":\"sociedadyseguridadsocial@gmail.com\",\"@id\":\"https:\/\/sociedadyseguridadsocial.org\/#\/schema\/person\/45cf5223b982daeb4936c66c072575e3\"},\"headline\":\"Las m\u00faltiples caras del dolor\",\"datePublished\":\"2023-05-28T16:23:32+00:00\",\"dateModified\":\"2023-05-28T16:23:32+00:00\",\"mainEntityOfPage\":{\"@id\":\"https:\/\/sociedadyseguridadsocial.org\/?p=1100\"},\"wordCount\":570,\"commentCount\":0,\"publisher\":{\"@id\":\"https:\/\/sociedadyseguridadsocial.org\/#organization\"},\"image\":{\"@id\":\"https:\/\/sociedadyseguridadsocial.org\/?p=1100#primaryimage\"},\"thumbnailUrl\":\"https:\/\/sociedadyseguridadsocial.org\/wp-content\/uploads\/2023\/05\/PHOTO-2023-05-28-11-40-31.jpg\",\"keywords\":[\"DOLOR\",\"DOLOR AGUDO DOLOR ANTIFLAMATORIO\",\"DOLOR CRONICO\",\"DOLOR NEUROPATICO\"],\"articleSection\":[\"SALUD\"],\"inLanguage\":\"es-DO\",\"potentialAction\":[{\"@type\":\"CommentAction\",\"name\":\"Comment\",\"target\":[\"https:\/\/sociedadyseguridadsocial.org\/?p=1100#respond\"]}]},{\"@type\":\"WebPage\",\"@id\":\"https:\/\/sociedadyseguridadsocial.org\/?p=1100\",\"url\":\"https:\/\/sociedadyseguridadsocial.org\/?p=1100\",\"name\":\"Las m\u00faltiples caras del dolor - sociedadyseguridadsocial.org\",\"isPartOf\":{\"@id\":\"https:\/\/sociedadyseguridadsocial.org\/#website\"},\"primaryImageOfPage\":{\"@id\":\"https:\/\/sociedadyseguridadsocial.org\/?p=1100#primaryimage\"},\"image\":{\"@id\":\"https:\/\/sociedadyseguridadsocial.org\/?p=1100#primaryimage\"},\"thumbnailUrl\":\"https:\/\/sociedadyseguridadsocial.org\/wp-content\/uploads\/2023\/05\/PHOTO-2023-05-28-11-40-31.jpg\",\"datePublished\":\"2023-05-28T16:23:32+00:00\",\"dateModified\":\"2023-05-28T16:23:32+00:00\",\"breadcrumb\":{\"@id\":\"https:\/\/sociedadyseguridadsocial.org\/?p=1100#breadcrumb\"},\"inLanguage\":\"es-DO\",\"potentialAction\":[{\"@type\":\"ReadAction\",\"target\":[\"https:\/\/sociedadyseguridadsocial.org\/?p=1100\"]}]},{\"@type\":\"ImageObject\",\"inLanguage\":\"es-DO\",\"@id\":\"https:\/\/sociedadyseguridadsocial.org\/?p=1100#primaryimage\",\"url\":\"https:\/\/sociedadyseguridadsocial.org\/wp-content\/uploads\/2023\/05\/PHOTO-2023-05-28-11-40-31.jpg\",\"contentUrl\":\"https:\/\/sociedadyseguridadsocial.org\/wp-content\/uploads\/2023\/05\/PHOTO-2023-05-28-11-40-31.jpg\",\"width\":908,\"height\":908},{\"@type\":\"BreadcrumbList\",\"@id\":\"https:\/\/sociedadyseguridadsocial.org\/?p=1100#breadcrumb\",\"itemListElement\":[{\"@type\":\"ListItem\",\"position\":1,\"name\":\"Portada\",\"item\":\"https:\/\/sociedadyseguridadsocial.org\/\"},{\"@type\":\"ListItem\",\"position\":2,\"name\":\"Las m\u00faltiples caras del dolor\"}]},{\"@type\":\"WebSite\",\"@id\":\"https:\/\/sociedadyseguridadsocial.org\/#website\",\"url\":\"https:\/\/sociedadyseguridadsocial.org\/\",\"name\":\"sociedadyseguridadsocial.org\",\"description\":\"S\u00f3lo salud, no es seguridad social.\",\"publisher\":{\"@id\":\"https:\/\/sociedadyseguridadsocial.org\/#organization\"},\"potentialAction\":[{\"@type\":\"SearchAction\",\"target\":{\"@type\":\"EntryPoint\",\"urlTemplate\":\"https:\/\/sociedadyseguridadsocial.org\/?s={search_term_string}\"},\"query-input\":\"required name=search_term_string\"}],\"inLanguage\":\"es-DO\"},{\"@type\":\"Organization\",\"@id\":\"https:\/\/sociedadyseguridadsocial.org\/#organization\",\"name\":\"sociedadyseguridadsocial.org\",\"url\":\"https:\/\/sociedadyseguridadsocial.org\/\",\"logo\":{\"@type\":\"ImageObject\",\"inLanguage\":\"es-DO\",\"@id\":\"https:\/\/sociedadyseguridadsocial.org\/#\/schema\/logo\/image\/\",\"url\":\"https:\/\/sociedadyseguridadsocial.org\/wp-content\/uploads\/2023\/03\/cropped-cropped-IMG-20230317-WA0125-1.jpg\",\"contentUrl\":\"https:\/\/sociedadyseguridadsocial.org\/wp-content\/uploads\/2023\/03\/cropped-cropped-IMG-20230317-WA0125-1.jpg\",\"width\":265,\"height\":77,\"caption\":\"sociedadyseguridadsocial.org\"},\"image\":{\"@id\":\"https:\/\/sociedadyseguridadsocial.org\/#\/schema\/logo\/image\/\"},\"sameAs\":[\"https:\/\/www.facebook.com\/syseguridadsocial\",\"https:\/\/www.instagram.com\/sociedadyseguridadsocial\/\"]},{\"@type\":\"Person\",\"@id\":\"https:\/\/sociedadyseguridadsocial.org\/#\/schema\/person\/45cf5223b982daeb4936c66c072575e3\",\"name\":\"sociedadyseguridadsocial@gmail.com\",\"image\":{\"@type\":\"ImageObject\",\"inLanguage\":\"es-DO\",\"@id\":\"https:\/\/sociedadyseguridadsocial.org\/#\/schema\/person\/image\/\",\"url\":\"https:\/\/secure.gravatar.com\/avatar\/d0c387d833f1414553de50fe7294ab4c?s=96&d=mm&r=g\",\"contentUrl\":\"https:\/\/secure.gravatar.com\/avatar\/d0c387d833f1414553de50fe7294ab4c?s=96&d=mm&r=g\",\"caption\":\"sociedadyseguridadsocial@gmail.com\"},\"sameAs\":[\"http:\/\/sociedadyseguridadsocial.org\"],\"url\":\"https:\/\/sociedadyseguridadsocial.org\/?author=1\"}]}<\/script>\n<!-- \/ Yoast SEO plugin. -->","yoast_head_json":{"title":"Las m\u00faltiples caras del dolor - sociedadyseguridadsocial.org","robots":{"index":"index","follow":"follow","max-snippet":"max-snippet:-1","max-image-preview":"max-image-preview:large","max-video-preview":"max-video-preview:-1"},"canonical":"https:\/\/sociedadyseguridadsocial.org\/?p=1100","og_locale":"es_ES","og_type":"article","og_title":"Las m\u00faltiples caras del dolor - sociedadyseguridadsocial.org","og_description":"&nbsp; Las personas experimentan el dolor de muchas maneras diferentes. El dolor puede variar desde la sensaci\u00f3n aguda de una cortada con papel o una","og_url":"https:\/\/sociedadyseguridadsocial.org\/?p=1100","og_site_name":"sociedadyseguridadsocial.org","article_publisher":"https:\/\/www.facebook.com\/syseguridadsocial","article_published_time":"2023-05-28T16:23:32+00:00","og_image":[{"width":908,"height":908,"url":"https:\/\/sociedadyseguridadsocial.org\/wp-content\/uploads\/2023\/05\/PHOTO-2023-05-28-11-40-31.jpg","type":"image\/jpeg"}],"author":"sociedadyseguridadsocial@gmail.com","twitter_card":"summary_large_image","twitter_misc":{"Written by":"sociedadyseguridadsocial@gmail.com","Est. reading time":"3 minutos"},"schema":{"@context":"https:\/\/schema.org","@graph":[{"@type":"Article","@id":"https:\/\/sociedadyseguridadsocial.org\/?p=1100#article","isPartOf":{"@id":"https:\/\/sociedadyseguridadsocial.org\/?p=1100"},"author":{"name":"sociedadyseguridadsocial@gmail.com","@id":"https:\/\/sociedadyseguridadsocial.org\/#\/schema\/person\/45cf5223b982daeb4936c66c072575e3"},"headline":"Las m\u00faltiples caras del dolor","datePublished":"2023-05-28T16:23:32+00:00","dateModified":"2023-05-28T16:23:32+00:00","mainEntityOfPage":{"@id":"https:\/\/sociedadyseguridadsocial.org\/?p=1100"},"wordCount":570,"commentCount":0,"publisher":{"@id":"https:\/\/sociedadyseguridadsocial.org\/#organization"},"image":{"@id":"https:\/\/sociedadyseguridadsocial.org\/?p=1100#primaryimage"},"thumbnailUrl":"https:\/\/sociedadyseguridadsocial.org\/wp-content\/uploads\/2023\/05\/PHOTO-2023-05-28-11-40-31.jpg","keywords":["DOLOR","DOLOR AGUDO DOLOR ANTIFLAMATORIO","DOLOR CRONICO","DOLOR NEUROPATICO"],"articleSection":["SALUD"],"inLanguage":"es-DO","potentialAction":[{"@type":"CommentAction","name":"Comment","target":["https:\/\/sociedadyseguridadsocial.org\/?p=1100#respond"]}]},{"@type":"WebPage","@id":"https:\/\/sociedadyseguridadsocial.org\/?p=1100","url":"https:\/\/sociedadyseguridadsocial.org\/?p=1100","name":"Las m\u00faltiples caras del dolor - sociedadyseguridadsocial.org","isPartOf":{"@id":"https:\/\/sociedadyseguridadsocial.org\/#website"},"primaryImageOfPage":{"@id":"https:\/\/sociedadyseguridadsocial.org\/?p=1100#primaryimage"},"image":{"@id":"https:\/\/sociedadyseguridadsocial.org\/?p=1100#primaryimage"},"thumbnailUrl":"https:\/\/sociedadyseguridadsocial.org\/wp-content\/uploads\/2023\/05\/PHOTO-2023-05-28-11-40-31.jpg","datePublished":"2023-05-28T16:23:32+00:00","dateModified":"2023-05-28T16:23:32+00:00","breadcrumb":{"@id":"https:\/\/sociedadyseguridadsocial.org\/?p=1100#breadcrumb"},"inLanguage":"es-DO","potentialAction":[{"@type":"ReadAction","target":["https:\/\/sociedadyseguridadsocial.org\/?p=1100"]}]},{"@type":"ImageObject","inLanguage":"es-DO","@id":"https:\/\/sociedadyseguridadsocial.org\/?p=1100#primaryimage","url":"https:\/\/sociedadyseguridadsocial.org\/wp-content\/uploads\/2023\/05\/PHOTO-2023-05-28-11-40-31.jpg","contentUrl":"https:\/\/sociedadyseguridadsocial.org\/wp-content\/uploads\/2023\/05\/PHOTO-2023-05-28-11-40-31.jpg","width":908,"height":908},{"@type":"BreadcrumbList","@id":"https:\/\/sociedadyseguridadsocial.org\/?p=1100#breadcrumb","itemListElement":[{"@type":"ListItem","position":1,"name":"Portada","item":"https:\/\/sociedadyseguridadsocial.org\/"},{"@type":"ListItem","position":2,"name":"Las m\u00faltiples caras del dolor"}]},{"@type":"WebSite","@id":"https:\/\/sociedadyseguridadsocial.org\/#website","url":"https:\/\/sociedadyseguridadsocial.org\/","name":"sociedadyseguridadsocial.org","description":"S\u00f3lo salud, no es seguridad social.","publisher":{"@id":"https:\/\/sociedadyseguridadsocial.org\/#organization"},"potentialAction":[{"@type":"SearchAction","target":{"@type":"EntryPoint","urlTemplate":"https:\/\/sociedadyseguridadsocial.org\/?s={search_term_string}"},"query-input":"required name=search_term_string"}],"inLanguage":"es-DO"},{"@type":"Organization","@id":"https:\/\/sociedadyseguridadsocial.org\/#organization","name":"sociedadyseguridadsocial.org","url":"https:\/\/sociedadyseguridadsocial.org\/","logo":{"@type":"ImageObject","inLanguage":"es-DO","@id":"https:\/\/sociedadyseguridadsocial.org\/#\/schema\/logo\/image\/","url":"https:\/\/sociedadyseguridadsocial.org\/wp-content\/uploads\/2023\/03\/cropped-cropped-IMG-20230317-WA0125-1.jpg","contentUrl":"https:\/\/sociedadyseguridadsocial.org\/wp-content\/uploads\/2023\/03\/cropped-cropped-IMG-20230317-WA0125-1.jpg","width":265,"height":77,"caption":"sociedadyseguridadsocial.org"},"image":{"@id":"https:\/\/sociedadyseguridadsocial.org\/#\/schema\/logo\/image\/"},"sameAs":["https:\/\/www.facebook.com\/syseguridadsocial","https:\/\/www.instagram.com\/sociedadyseguridadsocial\/"]},{"@type":"Person","@id":"https:\/\/sociedadyseguridadsocial.org\/#\/schema\/person\/45cf5223b982daeb4936c66c072575e3","name":"sociedadyseguridadsocial@gmail.com","image":{"@type":"ImageObject","inLanguage":"es-DO","@id":"https:\/\/sociedadyseguridadsocial.org\/#\/schema\/person\/image\/","url":"https:\/\/secure.gravatar.com\/avatar\/d0c387d833f1414553de50fe7294ab4c?s=96&d=mm&r=g","contentUrl":"https:\/\/secure.gravatar.com\/avatar\/d0c387d833f1414553de50fe7294ab4c?s=96&d=mm&r=g","caption":"sociedadyseguridadsocial@gmail.com"},"sameAs":["http:\/\/sociedadyseguridadsocial.org"],"url":"https:\/\/sociedadyseguridadsocial.org\/?author=1"}]}},"_links":{"self":[{"href":"https:\/\/sociedadyseguridadsocial.org\/index.php?rest_route=\/wp\/v2\/posts\/1100"}],"collection":[{"href":"https:\/\/sociedadyseguridadsocial.org\/index.php?rest_route=\/wp\/v2\/posts"}],"about":[{"href":"https:\/\/sociedadyseguridadsocial.org\/index.php?rest_route=\/wp\/v2\/types\/post"}],"author":[{"embeddable":true,"href":"https:\/\/sociedadyseguridadsocial.org\/index.php?rest_route=\/wp\/v2\/users\/1"}],"replies":[{"embeddable":true,"href":"https:\/\/sociedadyseguridadsocial.org\/index.php?rest_route=%2Fwp%2Fv2%2Fcomments&post=1100"}],"version-history":[{"count":2,"href":"https:\/\/sociedadyseguridadsocial.org\/index.php?rest_route=\/wp\/v2\/posts\/1100\/revisions"}],"predecessor-version":[{"id":1103,"href":"https:\/\/sociedadyseguridadsocial.org\/index.php?rest_route=\/wp\/v2\/posts\/1100\/revisions\/1103"}],"wp:featuredmedia":[{"embeddable":true,"href":"https:\/\/sociedadyseguridadsocial.org\/index.php?rest_route=\/wp\/v2\/media\/1101"}],"wp:attachment":[{"href":"https:\/\/sociedadyseguridadsocial.org\/index.php?rest_route=%2Fwp%2Fv2%2Fmedia&parent=1100"}],"wp:term":[{"taxonomy":"category","embeddable":true,"href":"https:\/\/sociedadyseguridadsocial.org\/index.php?rest_route=%2Fwp%2Fv2%2Fcategories&post=1100"},{"taxonomy":"post_tag","embeddable":true,"href":"https:\/\/sociedadyseguridadsocial.org\/index.php?rest_route=%2Fwp%2Fv2%2Ftags&post=1100"}],"curies":[{"name":"wp","href":"https:\/\/api.w.org\/{rel}","templated":true}]}}