{"id":1203,"date":"2023-07-01T01:47:26","date_gmt":"2023-07-01T01:47:26","guid":{"rendered":"https:\/\/sociedadyseguridadsocial.org\/?p=1203"},"modified":"2023-07-01T02:04:37","modified_gmt":"2023-07-01T02:04:37","slug":"dgapp-y-el-inaipi-promoveran-instalacion-de-centros-de-atencion-a-la-primera-infancia-en-proyectos-adjudicados-mediante-app","status":"publish","type":"post","link":"https:\/\/sociedadyseguridadsocial.org\/?p=1203","title":{"rendered":"*DGAPP y el INAIPI promover\u00e1n instalaci\u00f3n de Centros de Atenci\u00f3n a la Primera Infancia en proyectos adjudicados mediante APP*"},"content":{"rendered":"<p>Rep\u00fablica Dominicana. 30\/Junio\/2023.-<\/p>\n<p>La Direcci\u00f3n General de Alianzas P\u00fablico Privadas (DGAPP) y el Instituto Nacional de Atenci\u00f3n Integral a la Primera Infancia (INAIPI) suscribieron un acuerdo de colaboraci\u00f3n con la finalidad de establecer mecanismos que permitan que en los proyectos APP, cuyas caracter\u00edsticas y condiciones lo justifique, sean habilitados Centros de Atenci\u00f3n Integral a la Primera Infancia (CAIPI).<\/p>\n<p>Mediante este convenio, ambas instituciones se comprometen a promover con las empresas que resulten adjudicadas, que se establezcan espacios adecuados para el funcionamiento de los centros e incluir en la cobertura de atenci\u00f3n integral que desarrolla el INAIPI, a los hijos e hijas del personal que labore en estas empresas.<\/p>\n<p>El convenio de colaboraci\u00f3n interinstitucional fue rubricado por el director ejecutivo de la DGAPP, Sigmund Freund, y la directora ejecutiva del INAIPI, Besaida Manola Santana, en un acto realizado en las instalaciones de la DGAPP, en el que estuvieron presentes funcionarios de ambas entidades.<br \/>\nFreund agradeci\u00f3 a la directora del INAIPI su buena disposici\u00f3n de facilitar los servicios de Atenci\u00f3n Integral a trav\u00e9s de Centros de Servicios, para que las y los trabajadores de las empresas adjudicadas en proyectos bajo la modalidad de alianzas p\u00fablico-privadas puedan disfrutar del cuidado adecuado de sus hijas e hijos con edades comprendidas entre los 45 d\u00edas de nacidos hasta cinco a\u00f1os.<\/p>\n<p>Agreg\u00f3 que esta iniciativa propiciar\u00e1 que estas empresas garanticen un ambiente laboral de bienestar y responsabilidad social que permitir\u00e1 que las y los empleados puedan realizar sus labores con la tranquilidad y confianza que les proporciona tener a sus hijos e hijas con los cuidados adecuados y cerca de ellos.<\/p>\n<p>La directora ejecutiva del INAIPI, Besaida Manola Santana, reiter\u00f3 el compromiso de la entidad, con el bienestar de las familias, con los infantes de cero a cinco a\u00f1os, propiciando un espacio que les permita su desarrollo integral, en un modelo de atenci\u00f3n que les ofrece: estimulaci\u00f3n temprana y educacion inicial, detecci\u00f3n de necesidades especiales o condiciones de discapacidad, salud y nutrici\u00f3n, as\u00ed como, protecci\u00f3n contra el abuso y la violencia, entre otros componentes.<br \/>\nPrecis\u00f3 que esta iniciativa fortalece el plan nacional de ampliaci\u00f3n de cobertura de servicios dirigidos a la primera infancia, que impulsa el gobierno del presidente Luis Abinader, para incluir a familias que viven en condiciones de vulnerabilidad en el Modelo de Atenci\u00f3n que gestiona el INAIPI.<\/p>\n<p>&nbsp;<\/p>\n","protected":false},"excerpt":{"rendered":"<p>Rep\u00fablica Dominicana. 30\/Junio\/2023.- La Direcci\u00f3n General de Alianzas P\u00fablico Privadas (DGAPP) y el Instituto Nacional de Atenci\u00f3n Integral a la Primera Infancia (INAIPI) suscribieron un<\/p>\n","protected":false},"author":1,"featured_media":1204,"comment_status":"open","ping_status":"open","sticky":false,"template":"","format":"standard","meta":{"footnotes":""},"categories":[2],"tags":[117,120,119,118,105,116],"yoast_head":"<!-- This site is optimized with the Yoast SEO plugin v22.6 - https:\/\/yoast.com\/wordpress\/plugins\/seo\/ -->\n<title>*DGAPP y el INAIPI promover\u00e1n instalaci\u00f3n de Centros de Atenci\u00f3n a la Primera Infancia en proyectos adjudicados mediante APP* - sociedadyseguridadsocial.org<\/title>\n<meta name=\"robots\" content=\"index, follow, max-snippet:-1, max-image-preview:large, max-video-preview:-1\" \/>\n<link rel=\"canonical\" href=\"https:\/\/sociedadyseguridadsocial.org\/?p=1203\" \/>\n<meta property=\"og:locale\" content=\"es_ES\" \/>\n<meta property=\"og:type\" content=\"article\" \/>\n<meta property=\"og:title\" content=\"*DGAPP y el INAIPI promover\u00e1n instalaci\u00f3n de Centros de Atenci\u00f3n a la Primera Infancia en proyectos adjudicados mediante APP* - sociedadyseguridadsocial.org\" \/>\n<meta property=\"og:description\" content=\"Rep\u00fablica Dominicana. 30\/Junio\/2023.- La Direcci\u00f3n General de Alianzas P\u00fablico Privadas (DGAPP) y el Instituto Nacional de Atenci\u00f3n Integral a la Primera Infancia (INAIPI) suscribieron un\" \/>\n<meta property=\"og:url\" content=\"https:\/\/sociedadyseguridadsocial.org\/?p=1203\" \/>\n<meta property=\"og:site_name\" content=\"sociedadyseguridadsocial.org\" \/>\n<meta property=\"article:publisher\" content=\"https:\/\/www.facebook.com\/syseguridadsocial\" \/>\n<meta property=\"article:published_time\" content=\"2023-07-01T01:47:26+00:00\" \/>\n<meta property=\"article:modified_time\" content=\"2023-07-01T02:04:37+00:00\" \/>\n<meta property=\"og:image\" content=\"https:\/\/sociedadyseguridadsocial.org\/wp-content\/uploads\/2023\/07\/PHOTO-2023-06-28-15-40-02.jpg\" \/>\n\t<meta property=\"og:image:width\" content=\"1600\" \/>\n\t<meta property=\"og:image:height\" content=\"1054\" \/>\n\t<meta property=\"og:image:type\" content=\"image\/jpeg\" \/>\n<meta name=\"author\" content=\"sociedadyseguridadsocial@gmail.com\" \/>\n<meta name=\"twitter:card\" content=\"summary_large_image\" \/>\n<meta name=\"twitter:label1\" content=\"Written by\" \/>\n\t<meta name=\"twitter:data1\" content=\"sociedadyseguridadsocial@gmail.com\" \/>\n\t<meta name=\"twitter:label2\" content=\"Est. reading time\" \/>\n\t<meta name=\"twitter:data2\" content=\"2 minutos\" \/>\n<script type=\"application\/ld+json\" class=\"yoast-schema-graph\">{\"@context\":\"https:\/\/schema.org\",\"@graph\":[{\"@type\":\"Article\",\"@id\":\"https:\/\/sociedadyseguridadsocial.org\/?p=1203#article\",\"isPartOf\":{\"@id\":\"https:\/\/sociedadyseguridadsocial.org\/?p=1203\"},\"author\":{\"name\":\"sociedadyseguridadsocial@gmail.com\",\"@id\":\"https:\/\/sociedadyseguridadsocial.org\/#\/schema\/person\/45cf5223b982daeb4936c66c072575e3\"},\"headline\":\"*DGAPP y el INAIPI promover\u00e1n instalaci\u00f3n de Centros de Atenci\u00f3n a la Primera Infancia en proyectos adjudicados mediante APP*\",\"datePublished\":\"2023-07-01T01:47:26+00:00\",\"dateModified\":\"2023-07-01T02:04:37+00:00\",\"mainEntityOfPage\":{\"@id\":\"https:\/\/sociedadyseguridadsocial.org\/?p=1203\"},\"wordCount\":430,\"commentCount\":0,\"publisher\":{\"@id\":\"https:\/\/sociedadyseguridadsocial.org\/#organization\"},\"image\":{\"@id\":\"https:\/\/sociedadyseguridadsocial.org\/?p=1203#primaryimage\"},\"thumbnailUrl\":\"https:\/\/sociedadyseguridadsocial.org\/wp-content\/uploads\/2023\/07\/PHOTO-2023-06-28-15-40-02.jpg\",\"keywords\":[\"ACUERDO\",\"ALINZA PUBLICO-PRIVADA\",\"CAIPI\",\"COLABORACION\",\"CONVENIO\",\"INAIPI\"],\"articleSection\":[\"POLITICA SOCIAL\"],\"inLanguage\":\"es-DO\",\"potentialAction\":[{\"@type\":\"CommentAction\",\"name\":\"Comment\",\"target\":[\"https:\/\/sociedadyseguridadsocial.org\/?p=1203#respond\"]}]},{\"@type\":\"WebPage\",\"@id\":\"https:\/\/sociedadyseguridadsocial.org\/?p=1203\",\"url\":\"https:\/\/sociedadyseguridadsocial.org\/?p=1203\",\"name\":\"*DGAPP y el INAIPI promover\u00e1n instalaci\u00f3n de Centros de Atenci\u00f3n a la Primera Infancia en proyectos adjudicados mediante APP* - sociedadyseguridadsocial.org\",\"isPartOf\":{\"@id\":\"https:\/\/sociedadyseguridadsocial.org\/#website\"},\"primaryImageOfPage\":{\"@id\":\"https:\/\/sociedadyseguridadsocial.org\/?p=1203#primaryimage\"},\"image\":{\"@id\":\"https:\/\/sociedadyseguridadsocial.org\/?p=1203#primaryimage\"},\"thumbnailUrl\":\"https:\/\/sociedadyseguridadsocial.org\/wp-content\/uploads\/2023\/07\/PHOTO-2023-06-28-15-40-02.jpg\",\"datePublished\":\"2023-07-01T01:47:26+00:00\",\"dateModified\":\"2023-07-01T02:04:37+00:00\",\"breadcrumb\":{\"@id\":\"https:\/\/sociedadyseguridadsocial.org\/?p=1203#breadcrumb\"},\"inLanguage\":\"es-DO\",\"potentialAction\":[{\"@type\":\"ReadAction\",\"target\":[\"https:\/\/sociedadyseguridadsocial.org\/?p=1203\"]}]},{\"@type\":\"ImageObject\",\"inLanguage\":\"es-DO\",\"@id\":\"https:\/\/sociedadyseguridadsocial.org\/?p=1203#primaryimage\",\"url\":\"https:\/\/sociedadyseguridadsocial.org\/wp-content\/uploads\/2023\/07\/PHOTO-2023-06-28-15-40-02.jpg\",\"contentUrl\":\"https:\/\/sociedadyseguridadsocial.org\/wp-content\/uploads\/2023\/07\/PHOTO-2023-06-28-15-40-02.jpg\",\"width\":1600,\"height\":1054},{\"@type\":\"BreadcrumbList\",\"@id\":\"https:\/\/sociedadyseguridadsocial.org\/?p=1203#breadcrumb\",\"itemListElement\":[{\"@type\":\"ListItem\",\"position\":1,\"name\":\"Portada\",\"item\":\"https:\/\/sociedadyseguridadsocial.org\/\"},{\"@type\":\"ListItem\",\"position\":2,\"name\":\"*DGAPP y el INAIPI promover\u00e1n instalaci\u00f3n de Centros de Atenci\u00f3n a la Primera Infancia en proyectos adjudicados mediante APP*\"}]},{\"@type\":\"WebSite\",\"@id\":\"https:\/\/sociedadyseguridadsocial.org\/#website\",\"url\":\"https:\/\/sociedadyseguridadsocial.org\/\",\"name\":\"sociedadyseguridadsocial.org\",\"description\":\"S\u00f3lo salud, no es seguridad social.\",\"publisher\":{\"@id\":\"https:\/\/sociedadyseguridadsocial.org\/#organization\"},\"potentialAction\":[{\"@type\":\"SearchAction\",\"target\":{\"@type\":\"EntryPoint\",\"urlTemplate\":\"https:\/\/sociedadyseguridadsocial.org\/?s={search_term_string}\"},\"query-input\":\"required name=search_term_string\"}],\"inLanguage\":\"es-DO\"},{\"@type\":\"Organization\",\"@id\":\"https:\/\/sociedadyseguridadsocial.org\/#organization\",\"name\":\"sociedadyseguridadsocial.org\",\"url\":\"https:\/\/sociedadyseguridadsocial.org\/\",\"logo\":{\"@type\":\"ImageObject\",\"inLanguage\":\"es-DO\",\"@id\":\"https:\/\/sociedadyseguridadsocial.org\/#\/schema\/logo\/image\/\",\"url\":\"https:\/\/sociedadyseguridadsocial.org\/wp-content\/uploads\/2023\/03\/cropped-cropped-IMG-20230317-WA0125-1.jpg\",\"contentUrl\":\"https:\/\/sociedadyseguridadsocial.org\/wp-content\/uploads\/2023\/03\/cropped-cropped-IMG-20230317-WA0125-1.jpg\",\"width\":265,\"height\":77,\"caption\":\"sociedadyseguridadsocial.org\"},\"image\":{\"@id\":\"https:\/\/sociedadyseguridadsocial.org\/#\/schema\/logo\/image\/\"},\"sameAs\":[\"https:\/\/www.facebook.com\/syseguridadsocial\",\"https:\/\/www.instagram.com\/sociedadyseguridadsocial\/\"]},{\"@type\":\"Person\",\"@id\":\"https:\/\/sociedadyseguridadsocial.org\/#\/schema\/person\/45cf5223b982daeb4936c66c072575e3\",\"name\":\"sociedadyseguridadsocial@gmail.com\",\"image\":{\"@type\":\"ImageObject\",\"inLanguage\":\"es-DO\",\"@id\":\"https:\/\/sociedadyseguridadsocial.org\/#\/schema\/person\/image\/\",\"url\":\"https:\/\/secure.gravatar.com\/avatar\/d0c387d833f1414553de50fe7294ab4c?s=96&d=mm&r=g\",\"contentUrl\":\"https:\/\/secure.gravatar.com\/avatar\/d0c387d833f1414553de50fe7294ab4c?s=96&d=mm&r=g\",\"caption\":\"sociedadyseguridadsocial@gmail.com\"},\"sameAs\":[\"http:\/\/sociedadyseguridadsocial.org\"],\"url\":\"https:\/\/sociedadyseguridadsocial.org\/?author=1\"}]}<\/script>\n<!-- \/ Yoast SEO plugin. -->","yoast_head_json":{"title":"*DGAPP y el INAIPI promover\u00e1n instalaci\u00f3n de Centros de Atenci\u00f3n a la Primera Infancia en proyectos adjudicados mediante APP* - sociedadyseguridadsocial.org","robots":{"index":"index","follow":"follow","max-snippet":"max-snippet:-1","max-image-preview":"max-image-preview:large","max-video-preview":"max-video-preview:-1"},"canonical":"https:\/\/sociedadyseguridadsocial.org\/?p=1203","og_locale":"es_ES","og_type":"article","og_title":"*DGAPP y el INAIPI promover\u00e1n instalaci\u00f3n de Centros de Atenci\u00f3n a la Primera Infancia en proyectos adjudicados mediante APP* - sociedadyseguridadsocial.org","og_description":"Rep\u00fablica Dominicana. 30\/Junio\/2023.- La Direcci\u00f3n General de Alianzas P\u00fablico Privadas (DGAPP) y el Instituto Nacional de Atenci\u00f3n Integral a la Primera Infancia (INAIPI) suscribieron un","og_url":"https:\/\/sociedadyseguridadsocial.org\/?p=1203","og_site_name":"sociedadyseguridadsocial.org","article_publisher":"https:\/\/www.facebook.com\/syseguridadsocial","article_published_time":"2023-07-01T01:47:26+00:00","article_modified_time":"2023-07-01T02:04:37+00:00","og_image":[{"width":1600,"height":1054,"url":"https:\/\/sociedadyseguridadsocial.org\/wp-content\/uploads\/2023\/07\/PHOTO-2023-06-28-15-40-02.jpg","type":"image\/jpeg"}],"author":"sociedadyseguridadsocial@gmail.com","twitter_card":"summary_large_image","twitter_misc":{"Written by":"sociedadyseguridadsocial@gmail.com","Est. reading time":"2 minutos"},"schema":{"@context":"https:\/\/schema.org","@graph":[{"@type":"Article","@id":"https:\/\/sociedadyseguridadsocial.org\/?p=1203#article","isPartOf":{"@id":"https:\/\/sociedadyseguridadsocial.org\/?p=1203"},"author":{"name":"sociedadyseguridadsocial@gmail.com","@id":"https:\/\/sociedadyseguridadsocial.org\/#\/schema\/person\/45cf5223b982daeb4936c66c072575e3"},"headline":"*DGAPP y el INAIPI promover\u00e1n instalaci\u00f3n de Centros de Atenci\u00f3n a la Primera Infancia en proyectos adjudicados mediante APP*","datePublished":"2023-07-01T01:47:26+00:00","dateModified":"2023-07-01T02:04:37+00:00","mainEntityOfPage":{"@id":"https:\/\/sociedadyseguridadsocial.org\/?p=1203"},"wordCount":430,"commentCount":0,"publisher":{"@id":"https:\/\/sociedadyseguridadsocial.org\/#organization"},"image":{"@id":"https:\/\/sociedadyseguridadsocial.org\/?p=1203#primaryimage"},"thumbnailUrl":"https:\/\/sociedadyseguridadsocial.org\/wp-content\/uploads\/2023\/07\/PHOTO-2023-06-28-15-40-02.jpg","keywords":["ACUERDO","ALINZA PUBLICO-PRIVADA","CAIPI","COLABORACION","CONVENIO","INAIPI"],"articleSection":["POLITICA SOCIAL"],"inLanguage":"es-DO","potentialAction":[{"@type":"CommentAction","name":"Comment","target":["https:\/\/sociedadyseguridadsocial.org\/?p=1203#respond"]}]},{"@type":"WebPage","@id":"https:\/\/sociedadyseguridadsocial.org\/?p=1203","url":"https:\/\/sociedadyseguridadsocial.org\/?p=1203","name":"*DGAPP y el INAIPI promover\u00e1n instalaci\u00f3n de Centros de Atenci\u00f3n a la Primera Infancia en proyectos adjudicados mediante APP* - sociedadyseguridadsocial.org","isPartOf":{"@id":"https:\/\/sociedadyseguridadsocial.org\/#website"},"primaryImageOfPage":{"@id":"https:\/\/sociedadyseguridadsocial.org\/?p=1203#primaryimage"},"image":{"@id":"https:\/\/sociedadyseguridadsocial.org\/?p=1203#primaryimage"},"thumbnailUrl":"https:\/\/sociedadyseguridadsocial.org\/wp-content\/uploads\/2023\/07\/PHOTO-2023-06-28-15-40-02.jpg","datePublished":"2023-07-01T01:47:26+00:00","dateModified":"2023-07-01T02:04:37+00:00","breadcrumb":{"@id":"https:\/\/sociedadyseguridadsocial.org\/?p=1203#breadcrumb"},"inLanguage":"es-DO","potentialAction":[{"@type":"ReadAction","target":["https:\/\/sociedadyseguridadsocial.org\/?p=1203"]}]},{"@type":"ImageObject","inLanguage":"es-DO","@id":"https:\/\/sociedadyseguridadsocial.org\/?p=1203#primaryimage","url":"https:\/\/sociedadyseguridadsocial.org\/wp-content\/uploads\/2023\/07\/PHOTO-2023-06-28-15-40-02.jpg","contentUrl":"https:\/\/sociedadyseguridadsocial.org\/wp-content\/uploads\/2023\/07\/PHOTO-2023-06-28-15-40-02.jpg","width":1600,"height":1054},{"@type":"BreadcrumbList","@id":"https:\/\/sociedadyseguridadsocial.org\/?p=1203#breadcrumb","itemListElement":[{"@type":"ListItem","position":1,"name":"Portada","item":"https:\/\/sociedadyseguridadsocial.org\/"},{"@type":"ListItem","position":2,"name":"*DGAPP y el INAIPI promover\u00e1n instalaci\u00f3n de Centros de Atenci\u00f3n a la Primera Infancia en proyectos adjudicados mediante APP*"}]},{"@type":"WebSite","@id":"https:\/\/sociedadyseguridadsocial.org\/#website","url":"https:\/\/sociedadyseguridadsocial.org\/","name":"sociedadyseguridadsocial.org","description":"S\u00f3lo salud, no es seguridad social.","publisher":{"@id":"https:\/\/sociedadyseguridadsocial.org\/#organization"},"potentialAction":[{"@type":"SearchAction","target":{"@type":"EntryPoint","urlTemplate":"https:\/\/sociedadyseguridadsocial.org\/?s={search_term_string}"},"query-input":"required name=search_term_string"}],"inLanguage":"es-DO"},{"@type":"Organization","@id":"https:\/\/sociedadyseguridadsocial.org\/#organization","name":"sociedadyseguridadsocial.org","url":"https:\/\/sociedadyseguridadsocial.org\/","logo":{"@type":"ImageObject","inLanguage":"es-DO","@id":"https:\/\/sociedadyseguridadsocial.org\/#\/schema\/logo\/image\/","url":"https:\/\/sociedadyseguridadsocial.org\/wp-content\/uploads\/2023\/03\/cropped-cropped-IMG-20230317-WA0125-1.jpg","contentUrl":"https:\/\/sociedadyseguridadsocial.org\/wp-content\/uploads\/2023\/03\/cropped-cropped-IMG-20230317-WA0125-1.jpg","width":265,"height":77,"caption":"sociedadyseguridadsocial.org"},"image":{"@id":"https:\/\/sociedadyseguridadsocial.org\/#\/schema\/logo\/image\/"},"sameAs":["https:\/\/www.facebook.com\/syseguridadsocial","https:\/\/www.instagram.com\/sociedadyseguridadsocial\/"]},{"@type":"Person","@id":"https:\/\/sociedadyseguridadsocial.org\/#\/schema\/person\/45cf5223b982daeb4936c66c072575e3","name":"sociedadyseguridadsocial@gmail.com","image":{"@type":"ImageObject","inLanguage":"es-DO","@id":"https:\/\/sociedadyseguridadsocial.org\/#\/schema\/person\/image\/","url":"https:\/\/secure.gravatar.com\/avatar\/d0c387d833f1414553de50fe7294ab4c?s=96&d=mm&r=g","contentUrl":"https:\/\/secure.gravatar.com\/avatar\/d0c387d833f1414553de50fe7294ab4c?s=96&d=mm&r=g","caption":"sociedadyseguridadsocial@gmail.com"},"sameAs":["http:\/\/sociedadyseguridadsocial.org"],"url":"https:\/\/sociedadyseguridadsocial.org\/?author=1"}]}},"_links":{"self":[{"href":"https:\/\/sociedadyseguridadsocial.org\/index.php?rest_route=\/wp\/v2\/posts\/1203"}],"collection":[{"href":"https:\/\/sociedadyseguridadsocial.org\/index.php?rest_route=\/wp\/v2\/posts"}],"about":[{"href":"https:\/\/sociedadyseguridadsocial.org\/index.php?rest_route=\/wp\/v2\/types\/post"}],"author":[{"embeddable":true,"href":"https:\/\/sociedadyseguridadsocial.org\/index.php?rest_route=\/wp\/v2\/users\/1"}],"replies":[{"embeddable":true,"href":"https:\/\/sociedadyseguridadsocial.org\/index.php?rest_route=%2Fwp%2Fv2%2Fcomments&post=1203"}],"version-history":[{"count":2,"href":"https:\/\/sociedadyseguridadsocial.org\/index.php?rest_route=\/wp\/v2\/posts\/1203\/revisions"}],"predecessor-version":[{"id":1210,"href":"https:\/\/sociedadyseguridadsocial.org\/index.php?rest_route=\/wp\/v2\/posts\/1203\/revisions\/1210"}],"wp:featuredmedia":[{"embeddable":true,"href":"https:\/\/sociedadyseguridadsocial.org\/index.php?rest_route=\/wp\/v2\/media\/1204"}],"wp:attachment":[{"href":"https:\/\/sociedadyseguridadsocial.org\/index.php?rest_route=%2Fwp%2Fv2%2Fmedia&parent=1203"}],"wp:term":[{"taxonomy":"category","embeddable":true,"href":"https:\/\/sociedadyseguridadsocial.org\/index.php?rest_route=%2Fwp%2Fv2%2Fcategories&post=1203"},{"taxonomy":"post_tag","embeddable":true,"href":"https:\/\/sociedadyseguridadsocial.org\/index.php?rest_route=%2Fwp%2Fv2%2Ftags&post=1203"}],"curies":[{"name":"wp","href":"https:\/\/api.w.org\/{rel}","templated":true}]}}