{"id":1304,"date":"2023-09-05T22:27:11","date_gmt":"2023-09-05T22:27:11","guid":{"rendered":"https:\/\/sociedadyseguridadsocial.org\/?p=1304"},"modified":"2023-09-05T22:27:11","modified_gmt":"2023-09-05T22:27:11","slug":"ars-primera-crea-primer-voluntariadocorporativo-en-cuidados-paliativos","status":"publish","type":"post","link":"https:\/\/sociedadyseguridadsocial.org\/?p=1304","title":{"rendered":"ARS Primera crea primer VoluntariadoCorporativo en Cuidados Paliativos"},"content":{"rendered":"<p>Una iniciativa de soporte al programa Siempre Juntos que ofrece\u00a0atenci\u00f3n\u00a0integral a personas con enfermedades avanzadas<\/p>\n<p>Rep\u00fablica Dominicana .03\/09\/2023 .-<\/p>\n<p>En respuesta a las necesidades identificadas tras la implementaci\u00f3n del Programa\u00a0<wbr \/>de\u00a0Cuidados\u00a0Paliativos\u00a0Siempre Juntos, ARS Primera anunci\u00f3\u00a0la\u00a0creaci\u00f3n\u00a0de\u00a0un voluntariado con el mismo nombre, que funcionar\u00e1 como\u00a0red\u00a0para brindar\u00a0apoyo\u00a0f\u00edsico y emocional\u00a0a\u00a0los participantes del programa\u00a0y sus familias.<\/p>\n<p>El\u00a0Voluntariado\u00a0Siempre\u00a0Juntos<wbr \/>, tiene como objetivo construir\u00a0<wbr \/>sistemas de\u00a0apoyo, formaci\u00f3n y sensibilizaci\u00f3n en cuidados paliativos,\u00a0que se\u00a0refiere\u00a0a la atenci\u00f3n adecuada de los pacientes\u00a0con enfermedad avanzada y progresiva,\u00a0en las que el\u00a0control del dolor y otros s\u00edntomas, as\u00ed como,\u00a0los aspectos psicosociales y espirituales\u00a0son de gran importancia.<\/p>\n<p>La Dra. Ruth P\u00e9rez Gonz\u00e1lez, Gerente de Gesti\u00f3n de Casos de ARS Primera, y l\u00edder del Programa Siempre Juntos, indic\u00f3 \u201cla implementaci\u00f3n de un voluntariado corporativo espec\u00edficamente dirigido a pacientes y familias en cuidados paliativos enriquece enormemente la calidad de vida de los pacientes al brindarles apoyo emocional y compa\u00f1\u00eda, al tiempo que proporciona a las familias un sentido de comunidad y respaldo durante este per\u00edodo desafiante\u201d.<\/p>\n<p>\u201cDesde ARS Primera, reafirmamos nuestro genuino compromiso con el bienestar integral de nuestros afiliados, fortaleciendo la confianza y la relaci\u00f3n con ellos a trav\u00e9s de un enfoque compasivo y diferenciado en el cuidado de la salud\u201d indic\u00f3 la Dra. P\u00e9rez Gonz\u00e1lez.<\/p>\n<p>Dentro de las capacidades que fueron valoradas a la hora de seleccionar los miembros del voluntariado, se destacan:\u00a0escucha consciente, trabajo en equipo, empat\u00eda, disponibilidad de tiempo y vocaci\u00f3n de servicio de los dem\u00e1s, entre otras.<\/p>\n<p>El voluntariado est\u00e1 formado por m\u00e1s de 120 colaboradores de diversas \u00e1reas de\u00a0<a name=\"m_-8484779188838354980_m_6847825680716633248__GoBack\"><\/a>las empresas de Grupo Humano, ARS Primera y Humano Seguros, quienes est\u00e1n disponibles para brindar asistencia presencial y remota a\u00a0los participantes del programa y sus familias, cuando as\u00ed lo soliciten a los gestores del programa.<\/p>\n<p>Primera en Salud,\u00a0es el programa de gesti\u00f3n de riesgos de ARS Primera, enfocado en acompa\u00f1ar a sus afiliado\/as en el cumplimiento de su plan de cuidados de acuerdo con su perfil de riesgo, de igual manera el programa ofrece educaci\u00f3n centrada en salud para crear comunidades saludables empoderadas.<\/p>\n<p>&nbsp;<\/p>\n","protected":false},"excerpt":{"rendered":"<p>Una iniciativa de soporte al programa Siempre Juntos que ofrece\u00a0atenci\u00f3n\u00a0integral a personas con enfermedades avanzadas Rep\u00fablica Dominicana .03\/09\/2023 .- En respuesta a las necesidades identificadas<\/p>\n","protected":false},"author":1,"featured_media":1305,"comment_status":"open","ping_status":"open","sticky":false,"template":"","format":"standard","meta":{"footnotes":""},"categories":[1],"tags":[175,174,177,176],"yoast_head":"<!-- This site is optimized with the Yoast SEO plugin v22.6 - https:\/\/yoast.com\/wordpress\/plugins\/seo\/ -->\n<title>ARS Primera crea primer VoluntariadoCorporativo en Cuidados Paliativos - sociedadyseguridadsocial.org<\/title>\n<meta name=\"robots\" content=\"index, follow, max-snippet:-1, max-image-preview:large, max-video-preview:-1\" \/>\n<link rel=\"canonical\" href=\"https:\/\/sociedadyseguridadsocial.org\/?p=1304\" \/>\n<meta property=\"og:locale\" content=\"es_ES\" \/>\n<meta property=\"og:type\" content=\"article\" \/>\n<meta property=\"og:title\" content=\"ARS Primera crea primer VoluntariadoCorporativo en Cuidados Paliativos - sociedadyseguridadsocial.org\" \/>\n<meta property=\"og:description\" content=\"Una iniciativa de soporte al programa Siempre Juntos que ofrece\u00a0atenci\u00f3n\u00a0integral a personas con enfermedades avanzadas Rep\u00fablica Dominicana .03\/09\/2023 .- En respuesta a las necesidades identificadas\" \/>\n<meta property=\"og:url\" content=\"https:\/\/sociedadyseguridadsocial.org\/?p=1304\" \/>\n<meta property=\"og:site_name\" content=\"sociedadyseguridadsocial.org\" \/>\n<meta property=\"article:publisher\" content=\"https:\/\/www.facebook.com\/syseguridadsocial\" \/>\n<meta property=\"article:published_time\" content=\"2023-09-05T22:27:11+00:00\" \/>\n<meta property=\"og:image\" content=\"https:\/\/sociedadyseguridadsocial.org\/wp-content\/uploads\/2023\/09\/voluntariado-SJ-scaled.jpg\" \/>\n\t<meta property=\"og:image:width\" content=\"2560\" \/>\n\t<meta property=\"og:image:height\" content=\"1707\" \/>\n\t<meta property=\"og:image:type\" content=\"image\/jpeg\" \/>\n<meta name=\"author\" content=\"sociedadyseguridadsocial@gmail.com\" \/>\n<meta name=\"twitter:card\" content=\"summary_large_image\" \/>\n<meta name=\"twitter:label1\" content=\"Written by\" \/>\n\t<meta name=\"twitter:data1\" content=\"sociedadyseguridadsocial@gmail.com\" \/>\n\t<meta name=\"twitter:label2\" content=\"Est. reading time\" \/>\n\t<meta name=\"twitter:data2\" content=\"2 minutos\" \/>\n<script type=\"application\/ld+json\" class=\"yoast-schema-graph\">{\"@context\":\"https:\/\/schema.org\",\"@graph\":[{\"@type\":\"Article\",\"@id\":\"https:\/\/sociedadyseguridadsocial.org\/?p=1304#article\",\"isPartOf\":{\"@id\":\"https:\/\/sociedadyseguridadsocial.org\/?p=1304\"},\"author\":{\"name\":\"sociedadyseguridadsocial@gmail.com\",\"@id\":\"https:\/\/sociedadyseguridadsocial.org\/#\/schema\/person\/45cf5223b982daeb4936c66c072575e3\"},\"headline\":\"ARS Primera crea primer VoluntariadoCorporativo en Cuidados Paliativos\",\"datePublished\":\"2023-09-05T22:27:11+00:00\",\"dateModified\":\"2023-09-05T22:27:11+00:00\",\"mainEntityOfPage\":{\"@id\":\"https:\/\/sociedadyseguridadsocial.org\/?p=1304\"},\"wordCount\":399,\"commentCount\":0,\"publisher\":{\"@id\":\"https:\/\/sociedadyseguridadsocial.org\/#organization\"},\"image\":{\"@id\":\"https:\/\/sociedadyseguridadsocial.org\/?p=1304#primaryimage\"},\"thumbnailUrl\":\"https:\/\/sociedadyseguridadsocial.org\/wp-content\/uploads\/2023\/09\/voluntariado-SJ-scaled.jpg\",\"keywords\":[\"ARS PRIMERA\",\"CUIDADOS PALEATIVOS\",\"ENFERMEDADES AVANZADAS\",\"VOLUNTARIADO SIEMPRE JUNTOS\"],\"articleSection\":[\"ARS\"],\"inLanguage\":\"es-DO\",\"potentialAction\":[{\"@type\":\"CommentAction\",\"name\":\"Comment\",\"target\":[\"https:\/\/sociedadyseguridadsocial.org\/?p=1304#respond\"]}]},{\"@type\":\"WebPage\",\"@id\":\"https:\/\/sociedadyseguridadsocial.org\/?p=1304\",\"url\":\"https:\/\/sociedadyseguridadsocial.org\/?p=1304\",\"name\":\"ARS Primera crea primer VoluntariadoCorporativo en Cuidados Paliativos - sociedadyseguridadsocial.org\",\"isPartOf\":{\"@id\":\"https:\/\/sociedadyseguridadsocial.org\/#website\"},\"primaryImageOfPage\":{\"@id\":\"https:\/\/sociedadyseguridadsocial.org\/?p=1304#primaryimage\"},\"image\":{\"@id\":\"https:\/\/sociedadyseguridadsocial.org\/?p=1304#primaryimage\"},\"thumbnailUrl\":\"https:\/\/sociedadyseguridadsocial.org\/wp-content\/uploads\/2023\/09\/voluntariado-SJ-scaled.jpg\",\"datePublished\":\"2023-09-05T22:27:11+00:00\",\"dateModified\":\"2023-09-05T22:27:11+00:00\",\"breadcrumb\":{\"@id\":\"https:\/\/sociedadyseguridadsocial.org\/?p=1304#breadcrumb\"},\"inLanguage\":\"es-DO\",\"potentialAction\":[{\"@type\":\"ReadAction\",\"target\":[\"https:\/\/sociedadyseguridadsocial.org\/?p=1304\"]}]},{\"@type\":\"ImageObject\",\"inLanguage\":\"es-DO\",\"@id\":\"https:\/\/sociedadyseguridadsocial.org\/?p=1304#primaryimage\",\"url\":\"https:\/\/sociedadyseguridadsocial.org\/wp-content\/uploads\/2023\/09\/voluntariado-SJ-scaled.jpg\",\"contentUrl\":\"https:\/\/sociedadyseguridadsocial.org\/wp-content\/uploads\/2023\/09\/voluntariado-SJ-scaled.jpg\",\"width\":2560,\"height\":1707},{\"@type\":\"BreadcrumbList\",\"@id\":\"https:\/\/sociedadyseguridadsocial.org\/?p=1304#breadcrumb\",\"itemListElement\":[{\"@type\":\"ListItem\",\"position\":1,\"name\":\"Portada\",\"item\":\"https:\/\/sociedadyseguridadsocial.org\/\"},{\"@type\":\"ListItem\",\"position\":2,\"name\":\"ARS Primera crea primer VoluntariadoCorporativo en Cuidados Paliativos\"}]},{\"@type\":\"WebSite\",\"@id\":\"https:\/\/sociedadyseguridadsocial.org\/#website\",\"url\":\"https:\/\/sociedadyseguridadsocial.org\/\",\"name\":\"sociedadyseguridadsocial.org\",\"description\":\"S\u00f3lo salud, no es seguridad social.\",\"publisher\":{\"@id\":\"https:\/\/sociedadyseguridadsocial.org\/#organization\"},\"potentialAction\":[{\"@type\":\"SearchAction\",\"target\":{\"@type\":\"EntryPoint\",\"urlTemplate\":\"https:\/\/sociedadyseguridadsocial.org\/?s={search_term_string}\"},\"query-input\":\"required name=search_term_string\"}],\"inLanguage\":\"es-DO\"},{\"@type\":\"Organization\",\"@id\":\"https:\/\/sociedadyseguridadsocial.org\/#organization\",\"name\":\"sociedadyseguridadsocial.org\",\"url\":\"https:\/\/sociedadyseguridadsocial.org\/\",\"logo\":{\"@type\":\"ImageObject\",\"inLanguage\":\"es-DO\",\"@id\":\"https:\/\/sociedadyseguridadsocial.org\/#\/schema\/logo\/image\/\",\"url\":\"https:\/\/sociedadyseguridadsocial.org\/wp-content\/uploads\/2023\/03\/cropped-cropped-IMG-20230317-WA0125-1.jpg\",\"contentUrl\":\"https:\/\/sociedadyseguridadsocial.org\/wp-content\/uploads\/2023\/03\/cropped-cropped-IMG-20230317-WA0125-1.jpg\",\"width\":265,\"height\":77,\"caption\":\"sociedadyseguridadsocial.org\"},\"image\":{\"@id\":\"https:\/\/sociedadyseguridadsocial.org\/#\/schema\/logo\/image\/\"},\"sameAs\":[\"https:\/\/www.facebook.com\/syseguridadsocial\",\"https:\/\/www.instagram.com\/sociedadyseguridadsocial\/\"]},{\"@type\":\"Person\",\"@id\":\"https:\/\/sociedadyseguridadsocial.org\/#\/schema\/person\/45cf5223b982daeb4936c66c072575e3\",\"name\":\"sociedadyseguridadsocial@gmail.com\",\"image\":{\"@type\":\"ImageObject\",\"inLanguage\":\"es-DO\",\"@id\":\"https:\/\/sociedadyseguridadsocial.org\/#\/schema\/person\/image\/\",\"url\":\"https:\/\/secure.gravatar.com\/avatar\/d0c387d833f1414553de50fe7294ab4c?s=96&d=mm&r=g\",\"contentUrl\":\"https:\/\/secure.gravatar.com\/avatar\/d0c387d833f1414553de50fe7294ab4c?s=96&d=mm&r=g\",\"caption\":\"sociedadyseguridadsocial@gmail.com\"},\"sameAs\":[\"http:\/\/sociedadyseguridadsocial.org\"],\"url\":\"https:\/\/sociedadyseguridadsocial.org\/?author=1\"}]}<\/script>\n<!-- \/ Yoast SEO plugin. -->","yoast_head_json":{"title":"ARS Primera crea primer VoluntariadoCorporativo en Cuidados Paliativos - sociedadyseguridadsocial.org","robots":{"index":"index","follow":"follow","max-snippet":"max-snippet:-1","max-image-preview":"max-image-preview:large","max-video-preview":"max-video-preview:-1"},"canonical":"https:\/\/sociedadyseguridadsocial.org\/?p=1304","og_locale":"es_ES","og_type":"article","og_title":"ARS Primera crea primer VoluntariadoCorporativo en Cuidados Paliativos - sociedadyseguridadsocial.org","og_description":"Una iniciativa de soporte al programa Siempre Juntos que ofrece\u00a0atenci\u00f3n\u00a0integral a personas con enfermedades avanzadas Rep\u00fablica Dominicana .03\/09\/2023 .- En respuesta a las necesidades identificadas","og_url":"https:\/\/sociedadyseguridadsocial.org\/?p=1304","og_site_name":"sociedadyseguridadsocial.org","article_publisher":"https:\/\/www.facebook.com\/syseguridadsocial","article_published_time":"2023-09-05T22:27:11+00:00","og_image":[{"width":2560,"height":1707,"url":"https:\/\/sociedadyseguridadsocial.org\/wp-content\/uploads\/2023\/09\/voluntariado-SJ-scaled.jpg","type":"image\/jpeg"}],"author":"sociedadyseguridadsocial@gmail.com","twitter_card":"summary_large_image","twitter_misc":{"Written by":"sociedadyseguridadsocial@gmail.com","Est. reading time":"2 minutos"},"schema":{"@context":"https:\/\/schema.org","@graph":[{"@type":"Article","@id":"https:\/\/sociedadyseguridadsocial.org\/?p=1304#article","isPartOf":{"@id":"https:\/\/sociedadyseguridadsocial.org\/?p=1304"},"author":{"name":"sociedadyseguridadsocial@gmail.com","@id":"https:\/\/sociedadyseguridadsocial.org\/#\/schema\/person\/45cf5223b982daeb4936c66c072575e3"},"headline":"ARS Primera crea primer VoluntariadoCorporativo en Cuidados Paliativos","datePublished":"2023-09-05T22:27:11+00:00","dateModified":"2023-09-05T22:27:11+00:00","mainEntityOfPage":{"@id":"https:\/\/sociedadyseguridadsocial.org\/?p=1304"},"wordCount":399,"commentCount":0,"publisher":{"@id":"https:\/\/sociedadyseguridadsocial.org\/#organization"},"image":{"@id":"https:\/\/sociedadyseguridadsocial.org\/?p=1304#primaryimage"},"thumbnailUrl":"https:\/\/sociedadyseguridadsocial.org\/wp-content\/uploads\/2023\/09\/voluntariado-SJ-scaled.jpg","keywords":["ARS PRIMERA","CUIDADOS PALEATIVOS","ENFERMEDADES AVANZADAS","VOLUNTARIADO SIEMPRE JUNTOS"],"articleSection":["ARS"],"inLanguage":"es-DO","potentialAction":[{"@type":"CommentAction","name":"Comment","target":["https:\/\/sociedadyseguridadsocial.org\/?p=1304#respond"]}]},{"@type":"WebPage","@id":"https:\/\/sociedadyseguridadsocial.org\/?p=1304","url":"https:\/\/sociedadyseguridadsocial.org\/?p=1304","name":"ARS Primera crea primer VoluntariadoCorporativo en Cuidados Paliativos - sociedadyseguridadsocial.org","isPartOf":{"@id":"https:\/\/sociedadyseguridadsocial.org\/#website"},"primaryImageOfPage":{"@id":"https:\/\/sociedadyseguridadsocial.org\/?p=1304#primaryimage"},"image":{"@id":"https:\/\/sociedadyseguridadsocial.org\/?p=1304#primaryimage"},"thumbnailUrl":"https:\/\/sociedadyseguridadsocial.org\/wp-content\/uploads\/2023\/09\/voluntariado-SJ-scaled.jpg","datePublished":"2023-09-05T22:27:11+00:00","dateModified":"2023-09-05T22:27:11+00:00","breadcrumb":{"@id":"https:\/\/sociedadyseguridadsocial.org\/?p=1304#breadcrumb"},"inLanguage":"es-DO","potentialAction":[{"@type":"ReadAction","target":["https:\/\/sociedadyseguridadsocial.org\/?p=1304"]}]},{"@type":"ImageObject","inLanguage":"es-DO","@id":"https:\/\/sociedadyseguridadsocial.org\/?p=1304#primaryimage","url":"https:\/\/sociedadyseguridadsocial.org\/wp-content\/uploads\/2023\/09\/voluntariado-SJ-scaled.jpg","contentUrl":"https:\/\/sociedadyseguridadsocial.org\/wp-content\/uploads\/2023\/09\/voluntariado-SJ-scaled.jpg","width":2560,"height":1707},{"@type":"BreadcrumbList","@id":"https:\/\/sociedadyseguridadsocial.org\/?p=1304#breadcrumb","itemListElement":[{"@type":"ListItem","position":1,"name":"Portada","item":"https:\/\/sociedadyseguridadsocial.org\/"},{"@type":"ListItem","position":2,"name":"ARS Primera crea primer VoluntariadoCorporativo en Cuidados Paliativos"}]},{"@type":"WebSite","@id":"https:\/\/sociedadyseguridadsocial.org\/#website","url":"https:\/\/sociedadyseguridadsocial.org\/","name":"sociedadyseguridadsocial.org","description":"S\u00f3lo salud, no es seguridad social.","publisher":{"@id":"https:\/\/sociedadyseguridadsocial.org\/#organization"},"potentialAction":[{"@type":"SearchAction","target":{"@type":"EntryPoint","urlTemplate":"https:\/\/sociedadyseguridadsocial.org\/?s={search_term_string}"},"query-input":"required name=search_term_string"}],"inLanguage":"es-DO"},{"@type":"Organization","@id":"https:\/\/sociedadyseguridadsocial.org\/#organization","name":"sociedadyseguridadsocial.org","url":"https:\/\/sociedadyseguridadsocial.org\/","logo":{"@type":"ImageObject","inLanguage":"es-DO","@id":"https:\/\/sociedadyseguridadsocial.org\/#\/schema\/logo\/image\/","url":"https:\/\/sociedadyseguridadsocial.org\/wp-content\/uploads\/2023\/03\/cropped-cropped-IMG-20230317-WA0125-1.jpg","contentUrl":"https:\/\/sociedadyseguridadsocial.org\/wp-content\/uploads\/2023\/03\/cropped-cropped-IMG-20230317-WA0125-1.jpg","width":265,"height":77,"caption":"sociedadyseguridadsocial.org"},"image":{"@id":"https:\/\/sociedadyseguridadsocial.org\/#\/schema\/logo\/image\/"},"sameAs":["https:\/\/www.facebook.com\/syseguridadsocial","https:\/\/www.instagram.com\/sociedadyseguridadsocial\/"]},{"@type":"Person","@id":"https:\/\/sociedadyseguridadsocial.org\/#\/schema\/person\/45cf5223b982daeb4936c66c072575e3","name":"sociedadyseguridadsocial@gmail.com","image":{"@type":"ImageObject","inLanguage":"es-DO","@id":"https:\/\/sociedadyseguridadsocial.org\/#\/schema\/person\/image\/","url":"https:\/\/secure.gravatar.com\/avatar\/d0c387d833f1414553de50fe7294ab4c?s=96&d=mm&r=g","contentUrl":"https:\/\/secure.gravatar.com\/avatar\/d0c387d833f1414553de50fe7294ab4c?s=96&d=mm&r=g","caption":"sociedadyseguridadsocial@gmail.com"},"sameAs":["http:\/\/sociedadyseguridadsocial.org"],"url":"https:\/\/sociedadyseguridadsocial.org\/?author=1"}]}},"_links":{"self":[{"href":"https:\/\/sociedadyseguridadsocial.org\/index.php?rest_route=\/wp\/v2\/posts\/1304"}],"collection":[{"href":"https:\/\/sociedadyseguridadsocial.org\/index.php?rest_route=\/wp\/v2\/posts"}],"about":[{"href":"https:\/\/sociedadyseguridadsocial.org\/index.php?rest_route=\/wp\/v2\/types\/post"}],"author":[{"embeddable":true,"href":"https:\/\/sociedadyseguridadsocial.org\/index.php?rest_route=\/wp\/v2\/users\/1"}],"replies":[{"embeddable":true,"href":"https:\/\/sociedadyseguridadsocial.org\/index.php?rest_route=%2Fwp%2Fv2%2Fcomments&post=1304"}],"version-history":[{"count":3,"href":"https:\/\/sociedadyseguridadsocial.org\/index.php?rest_route=\/wp\/v2\/posts\/1304\/revisions"}],"predecessor-version":[{"id":1308,"href":"https:\/\/sociedadyseguridadsocial.org\/index.php?rest_route=\/wp\/v2\/posts\/1304\/revisions\/1308"}],"wp:featuredmedia":[{"embeddable":true,"href":"https:\/\/sociedadyseguridadsocial.org\/index.php?rest_route=\/wp\/v2\/media\/1305"}],"wp:attachment":[{"href":"https:\/\/sociedadyseguridadsocial.org\/index.php?rest_route=%2Fwp%2Fv2%2Fmedia&parent=1304"}],"wp:term":[{"taxonomy":"category","embeddable":true,"href":"https:\/\/sociedadyseguridadsocial.org\/index.php?rest_route=%2Fwp%2Fv2%2Fcategories&post=1304"},{"taxonomy":"post_tag","embeddable":true,"href":"https:\/\/sociedadyseguridadsocial.org\/index.php?rest_route=%2Fwp%2Fv2%2Ftags&post=1304"}],"curies":[{"name":"wp","href":"https:\/\/api.w.org\/{rel}","templated":true}]}}