{"id":1360,"date":"2023-09-24T16:21:53","date_gmt":"2023-09-24T16:21:53","guid":{"rendered":"https:\/\/sociedadyseguridadsocial.org\/?p=1360"},"modified":"2023-09-24T16:21:53","modified_gmt":"2023-09-24T16:21:53","slug":"sisalril-sanciona-clinica-por-cobro-indebido-a-afiliados-a-la-seguridad-social","status":"publish","type":"post","link":"https:\/\/sociedadyseguridadsocial.org\/?p=1360","title":{"rendered":"SISALRIL sanciona cl\u00ednica por cobro indebido a afiliados a la Seguridad Social"},"content":{"rendered":"<p>Rep\u00fablica Dominicana. 23\/Septiembre\/2023.-<\/p>\n<p>El doctor Jes\u00fas Feris Iglesias, superintendente de Salud y Riesgos Laborales, inform\u00f3 que en cumplimiento de las funciones otorgadas por la Ley No. 87-01 y la Res. No.563 del Consejo Nacional de la Seguridad Social (CNSS), la Superintendencia de Salud y Riesgos Laborales (SISALRIL), <span style=\"color: #3366ff;\">procedi\u00f3 a sancionar a un centro m\u00e9dico del Distrito Nacional mediante la resoluci\u00f3n DJ-GIS No. 0022-2023, con una multa ascendente a 101 salarios m\u00ednimos,<\/span> tras encontrar hallazgos suficientes que tipifican la pr\u00e1ctica prohibida de cobros indebidos a dos afiliados mediante la solicitud de dep\u00f3sitos o pagos anticipados como requisito de acceso a la atenci\u00f3n m\u00e9dica, violando as\u00ed la ley de Seguridad Social y sus normas complementarias.<\/p>\n<p><span style=\"color: #3366ff;\">El Superintendente inform\u00f3 que esta sanci\u00f3n contra un centro m\u00e9dico reconocido, es la primera que presenta la SISALRIL en todo su per\u00edodo de funcionamiento, demostrando el compromiso firme de su gesti\u00f3n en generar los incentivos para el correcto funcionamiento del Seguro Familiar de Salud de garantizar las prestaciones adheridas a la seguridad social y el fiel cumplimiento de la Ley 87-01, marcando as\u00ed un precedente que sirva de ejemplo para todos los centros de salud del pa\u00eds.<\/span><\/p>\n<p><img decoding=\"async\" loading=\"lazy\" class=\" wp-image-1365 alignright\" src=\"https:\/\/sociedadyseguridadsocial.org\/wp-content\/uploads\/2023\/09\/SISALRIL-300x200.jpg\" alt=\"\" width=\"366\" height=\"244\" srcset=\"https:\/\/sociedadyseguridadsocial.org\/wp-content\/uploads\/2023\/09\/SISALRIL-300x200.jpg 300w, https:\/\/sociedadyseguridadsocial.org\/wp-content\/uploads\/2023\/09\/SISALRIL-1024x683.jpg 1024w, https:\/\/sociedadyseguridadsocial.org\/wp-content\/uploads\/2023\/09\/SISALRIL-768x512.jpg 768w, https:\/\/sociedadyseguridadsocial.org\/wp-content\/uploads\/2023\/09\/SISALRIL-1170x781.jpg 1170w, https:\/\/sociedadyseguridadsocial.org\/wp-content\/uploads\/2023\/09\/SISALRIL.jpg 1280w\" sizes=\"(max-width: 366px) 100vw, 366px\" \/><\/p>\n<p><span style=\"color: #000000;\">\"Desde nuestro rol regulador del Sistema de Seguridad Social, en la SISALRIL \" <span style=\"color: #3366ff;\">nos mantendremos vigilantes de cualquier vulneraci\u00f3n a la ley, ya sea por cobro indebido o cualquier otra infracci\u00f3n que realicen en perjuicio de los afiliados las Prestadoras de Servicios de Salud,<\/span> que no solo transgreden la norma vigente, sino que crean mecanismos de exclusi\u00f3n incompatibles con la naturaleza del servicio que otorgan.<\/span><\/p>\n<p>Record\u00f3 que *durante el per\u00edodo 2022-2023 se han presentado la mayor cantidad de sanciones en la historia de la instituci\u00f3n, impactando favorablemente a 1,198 casos de afiliados,* representando para el Sistema Dominicano de Seguridad Social un hito hist\u00f3rico, que ha de seguir fortaleci\u00e9ndose, por lo que se requiere el empoderamiento ciudadano y la denuncia oportuna.<\/p>\n<div class=\"yj6qo\"><\/div>\n<div class=\"adL\"><\/div>\n","protected":false},"excerpt":{"rendered":"<p>Rep\u00fablica Dominicana. 23\/Septiembre\/2023.- El doctor Jes\u00fas Feris Iglesias, superintendente de Salud y Riesgos Laborales, inform\u00f3 que en cumplimiento de las funciones otorgadas por la Ley<\/p>\n","protected":false},"author":1,"featured_media":1361,"comment_status":"open","ping_status":"open","sticky":false,"template":"","format":"standard","meta":{"footnotes":""},"categories":[28],"tags":[205,203,206,202,204,52],"yoast_head":"<!-- This site is optimized with the Yoast SEO plugin v22.6 - https:\/\/yoast.com\/wordpress\/plugins\/seo\/ -->\n<title>SISALRIL sanciona cl\u00ednica por cobro indebido a afiliados a la Seguridad Social - sociedadyseguridadsocial.org<\/title>\n<meta name=\"robots\" content=\"index, follow, max-snippet:-1, max-image-preview:large, max-video-preview:-1\" \/>\n<link rel=\"canonical\" href=\"https:\/\/sociedadyseguridadsocial.org\/?p=1360\" \/>\n<meta property=\"og:locale\" content=\"es_ES\" \/>\n<meta property=\"og:type\" content=\"article\" \/>\n<meta property=\"og:title\" content=\"SISALRIL sanciona cl\u00ednica por cobro indebido a afiliados a la Seguridad Social - sociedadyseguridadsocial.org\" \/>\n<meta property=\"og:description\" content=\"Rep\u00fablica Dominicana. 23\/Septiembre\/2023.- El doctor Jes\u00fas Feris Iglesias, superintendente de Salud y Riesgos Laborales, inform\u00f3 que en cumplimiento de las funciones otorgadas por la Ley\" \/>\n<meta property=\"og:url\" content=\"https:\/\/sociedadyseguridadsocial.org\/?p=1360\" \/>\n<meta property=\"og:site_name\" content=\"sociedadyseguridadsocial.org\" \/>\n<meta property=\"article:publisher\" content=\"https:\/\/www.facebook.com\/syseguridadsocial\" \/>\n<meta property=\"article:published_time\" content=\"2023-09-24T16:21:53+00:00\" \/>\n<meta property=\"og:image\" content=\"https:\/\/sociedadyseguridadsocial.org\/wp-content\/uploads\/2023\/09\/jesus-feris-iglesias.jpg\" \/>\n\t<meta property=\"og:image:width\" content=\"300\" \/>\n\t<meta property=\"og:image:height\" content=\"245\" \/>\n\t<meta property=\"og:image:type\" content=\"image\/jpeg\" \/>\n<meta name=\"author\" content=\"sociedadyseguridadsocial@gmail.com\" \/>\n<meta name=\"twitter:card\" content=\"summary_large_image\" \/>\n<meta name=\"twitter:label1\" content=\"Written by\" \/>\n\t<meta name=\"twitter:data1\" content=\"sociedadyseguridadsocial@gmail.com\" \/>\n\t<meta name=\"twitter:label2\" content=\"Est. reading time\" \/>\n\t<meta name=\"twitter:data2\" content=\"2 minutos\" \/>\n<script type=\"application\/ld+json\" class=\"yoast-schema-graph\">{\"@context\":\"https:\/\/schema.org\",\"@graph\":[{\"@type\":\"Article\",\"@id\":\"https:\/\/sociedadyseguridadsocial.org\/?p=1360#article\",\"isPartOf\":{\"@id\":\"https:\/\/sociedadyseguridadsocial.org\/?p=1360\"},\"author\":{\"name\":\"sociedadyseguridadsocial@gmail.com\",\"@id\":\"https:\/\/sociedadyseguridadsocial.org\/#\/schema\/person\/45cf5223b982daeb4936c66c072575e3\"},\"headline\":\"SISALRIL sanciona cl\u00ednica por cobro indebido a afiliados a la Seguridad Social\",\"datePublished\":\"2023-09-24T16:21:53+00:00\",\"dateModified\":\"2023-09-24T16:21:53+00:00\",\"mainEntityOfPage\":{\"@id\":\"https:\/\/sociedadyseguridadsocial.org\/?p=1360\"},\"wordCount\":342,\"commentCount\":0,\"publisher\":{\"@id\":\"https:\/\/sociedadyseguridadsocial.org\/#organization\"},\"image\":{\"@id\":\"https:\/\/sociedadyseguridadsocial.org\/?p=1360#primaryimage\"},\"thumbnailUrl\":\"https:\/\/sociedadyseguridadsocial.org\/wp-content\/uploads\/2023\/09\/jesus-feris-iglesias.jpg\",\"keywords\":[\"AFILIADO CNSS\",\"CLINICAS\",\"COBROS\",\"PSS\",\"SANCION\",\"SEGURIDAD SOCIAL\"],\"articleSection\":[\"LEY SS\"],\"inLanguage\":\"es-DO\",\"potentialAction\":[{\"@type\":\"CommentAction\",\"name\":\"Comment\",\"target\":[\"https:\/\/sociedadyseguridadsocial.org\/?p=1360#respond\"]}]},{\"@type\":\"WebPage\",\"@id\":\"https:\/\/sociedadyseguridadsocial.org\/?p=1360\",\"url\":\"https:\/\/sociedadyseguridadsocial.org\/?p=1360\",\"name\":\"SISALRIL sanciona cl\u00ednica por cobro indebido a afiliados a la Seguridad Social - sociedadyseguridadsocial.org\",\"isPartOf\":{\"@id\":\"https:\/\/sociedadyseguridadsocial.org\/#website\"},\"primaryImageOfPage\":{\"@id\":\"https:\/\/sociedadyseguridadsocial.org\/?p=1360#primaryimage\"},\"image\":{\"@id\":\"https:\/\/sociedadyseguridadsocial.org\/?p=1360#primaryimage\"},\"thumbnailUrl\":\"https:\/\/sociedadyseguridadsocial.org\/wp-content\/uploads\/2023\/09\/jesus-feris-iglesias.jpg\",\"datePublished\":\"2023-09-24T16:21:53+00:00\",\"dateModified\":\"2023-09-24T16:21:53+00:00\",\"breadcrumb\":{\"@id\":\"https:\/\/sociedadyseguridadsocial.org\/?p=1360#breadcrumb\"},\"inLanguage\":\"es-DO\",\"potentialAction\":[{\"@type\":\"ReadAction\",\"target\":[\"https:\/\/sociedadyseguridadsocial.org\/?p=1360\"]}]},{\"@type\":\"ImageObject\",\"inLanguage\":\"es-DO\",\"@id\":\"https:\/\/sociedadyseguridadsocial.org\/?p=1360#primaryimage\",\"url\":\"https:\/\/sociedadyseguridadsocial.org\/wp-content\/uploads\/2023\/09\/jesus-feris-iglesias.jpg\",\"contentUrl\":\"https:\/\/sociedadyseguridadsocial.org\/wp-content\/uploads\/2023\/09\/jesus-feris-iglesias.jpg\",\"width\":300,\"height\":245},{\"@type\":\"BreadcrumbList\",\"@id\":\"https:\/\/sociedadyseguridadsocial.org\/?p=1360#breadcrumb\",\"itemListElement\":[{\"@type\":\"ListItem\",\"position\":1,\"name\":\"Portada\",\"item\":\"https:\/\/sociedadyseguridadsocial.org\/\"},{\"@type\":\"ListItem\",\"position\":2,\"name\":\"SISALRIL sanciona cl\u00ednica por cobro indebido a afiliados a la Seguridad Social\"}]},{\"@type\":\"WebSite\",\"@id\":\"https:\/\/sociedadyseguridadsocial.org\/#website\",\"url\":\"https:\/\/sociedadyseguridadsocial.org\/\",\"name\":\"sociedadyseguridadsocial.org\",\"description\":\"S\u00f3lo salud, no es seguridad social.\",\"publisher\":{\"@id\":\"https:\/\/sociedadyseguridadsocial.org\/#organization\"},\"potentialAction\":[{\"@type\":\"SearchAction\",\"target\":{\"@type\":\"EntryPoint\",\"urlTemplate\":\"https:\/\/sociedadyseguridadsocial.org\/?s={search_term_string}\"},\"query-input\":\"required name=search_term_string\"}],\"inLanguage\":\"es-DO\"},{\"@type\":\"Organization\",\"@id\":\"https:\/\/sociedadyseguridadsocial.org\/#organization\",\"name\":\"sociedadyseguridadsocial.org\",\"url\":\"https:\/\/sociedadyseguridadsocial.org\/\",\"logo\":{\"@type\":\"ImageObject\",\"inLanguage\":\"es-DO\",\"@id\":\"https:\/\/sociedadyseguridadsocial.org\/#\/schema\/logo\/image\/\",\"url\":\"https:\/\/sociedadyseguridadsocial.org\/wp-content\/uploads\/2023\/03\/cropped-cropped-IMG-20230317-WA0125-1.jpg\",\"contentUrl\":\"https:\/\/sociedadyseguridadsocial.org\/wp-content\/uploads\/2023\/03\/cropped-cropped-IMG-20230317-WA0125-1.jpg\",\"width\":265,\"height\":77,\"caption\":\"sociedadyseguridadsocial.org\"},\"image\":{\"@id\":\"https:\/\/sociedadyseguridadsocial.org\/#\/schema\/logo\/image\/\"},\"sameAs\":[\"https:\/\/www.facebook.com\/syseguridadsocial\",\"https:\/\/www.instagram.com\/sociedadyseguridadsocial\/\"]},{\"@type\":\"Person\",\"@id\":\"https:\/\/sociedadyseguridadsocial.org\/#\/schema\/person\/45cf5223b982daeb4936c66c072575e3\",\"name\":\"sociedadyseguridadsocial@gmail.com\",\"image\":{\"@type\":\"ImageObject\",\"inLanguage\":\"es-DO\",\"@id\":\"https:\/\/sociedadyseguridadsocial.org\/#\/schema\/person\/image\/\",\"url\":\"https:\/\/secure.gravatar.com\/avatar\/d0c387d833f1414553de50fe7294ab4c?s=96&d=mm&r=g\",\"contentUrl\":\"https:\/\/secure.gravatar.com\/avatar\/d0c387d833f1414553de50fe7294ab4c?s=96&d=mm&r=g\",\"caption\":\"sociedadyseguridadsocial@gmail.com\"},\"sameAs\":[\"http:\/\/sociedadyseguridadsocial.org\"],\"url\":\"https:\/\/sociedadyseguridadsocial.org\/?author=1\"}]}<\/script>\n<!-- \/ Yoast SEO plugin. -->","yoast_head_json":{"title":"SISALRIL sanciona cl\u00ednica por cobro indebido a afiliados a la Seguridad Social - sociedadyseguridadsocial.org","robots":{"index":"index","follow":"follow","max-snippet":"max-snippet:-1","max-image-preview":"max-image-preview:large","max-video-preview":"max-video-preview:-1"},"canonical":"https:\/\/sociedadyseguridadsocial.org\/?p=1360","og_locale":"es_ES","og_type":"article","og_title":"SISALRIL sanciona cl\u00ednica por cobro indebido a afiliados a la Seguridad Social - sociedadyseguridadsocial.org","og_description":"Rep\u00fablica Dominicana. 23\/Septiembre\/2023.- El doctor Jes\u00fas Feris Iglesias, superintendente de Salud y Riesgos Laborales, inform\u00f3 que en cumplimiento de las funciones otorgadas por la Ley","og_url":"https:\/\/sociedadyseguridadsocial.org\/?p=1360","og_site_name":"sociedadyseguridadsocial.org","article_publisher":"https:\/\/www.facebook.com\/syseguridadsocial","article_published_time":"2023-09-24T16:21:53+00:00","og_image":[{"width":300,"height":245,"url":"https:\/\/sociedadyseguridadsocial.org\/wp-content\/uploads\/2023\/09\/jesus-feris-iglesias.jpg","type":"image\/jpeg"}],"author":"sociedadyseguridadsocial@gmail.com","twitter_card":"summary_large_image","twitter_misc":{"Written by":"sociedadyseguridadsocial@gmail.com","Est. reading time":"2 minutos"},"schema":{"@context":"https:\/\/schema.org","@graph":[{"@type":"Article","@id":"https:\/\/sociedadyseguridadsocial.org\/?p=1360#article","isPartOf":{"@id":"https:\/\/sociedadyseguridadsocial.org\/?p=1360"},"author":{"name":"sociedadyseguridadsocial@gmail.com","@id":"https:\/\/sociedadyseguridadsocial.org\/#\/schema\/person\/45cf5223b982daeb4936c66c072575e3"},"headline":"SISALRIL sanciona cl\u00ednica por cobro indebido a afiliados a la Seguridad Social","datePublished":"2023-09-24T16:21:53+00:00","dateModified":"2023-09-24T16:21:53+00:00","mainEntityOfPage":{"@id":"https:\/\/sociedadyseguridadsocial.org\/?p=1360"},"wordCount":342,"commentCount":0,"publisher":{"@id":"https:\/\/sociedadyseguridadsocial.org\/#organization"},"image":{"@id":"https:\/\/sociedadyseguridadsocial.org\/?p=1360#primaryimage"},"thumbnailUrl":"https:\/\/sociedadyseguridadsocial.org\/wp-content\/uploads\/2023\/09\/jesus-feris-iglesias.jpg","keywords":["AFILIADO CNSS","CLINICAS","COBROS","PSS","SANCION","SEGURIDAD SOCIAL"],"articleSection":["LEY SS"],"inLanguage":"es-DO","potentialAction":[{"@type":"CommentAction","name":"Comment","target":["https:\/\/sociedadyseguridadsocial.org\/?p=1360#respond"]}]},{"@type":"WebPage","@id":"https:\/\/sociedadyseguridadsocial.org\/?p=1360","url":"https:\/\/sociedadyseguridadsocial.org\/?p=1360","name":"SISALRIL sanciona cl\u00ednica por cobro indebido a afiliados a la Seguridad Social - sociedadyseguridadsocial.org","isPartOf":{"@id":"https:\/\/sociedadyseguridadsocial.org\/#website"},"primaryImageOfPage":{"@id":"https:\/\/sociedadyseguridadsocial.org\/?p=1360#primaryimage"},"image":{"@id":"https:\/\/sociedadyseguridadsocial.org\/?p=1360#primaryimage"},"thumbnailUrl":"https:\/\/sociedadyseguridadsocial.org\/wp-content\/uploads\/2023\/09\/jesus-feris-iglesias.jpg","datePublished":"2023-09-24T16:21:53+00:00","dateModified":"2023-09-24T16:21:53+00:00","breadcrumb":{"@id":"https:\/\/sociedadyseguridadsocial.org\/?p=1360#breadcrumb"},"inLanguage":"es-DO","potentialAction":[{"@type":"ReadAction","target":["https:\/\/sociedadyseguridadsocial.org\/?p=1360"]}]},{"@type":"ImageObject","inLanguage":"es-DO","@id":"https:\/\/sociedadyseguridadsocial.org\/?p=1360#primaryimage","url":"https:\/\/sociedadyseguridadsocial.org\/wp-content\/uploads\/2023\/09\/jesus-feris-iglesias.jpg","contentUrl":"https:\/\/sociedadyseguridadsocial.org\/wp-content\/uploads\/2023\/09\/jesus-feris-iglesias.jpg","width":300,"height":245},{"@type":"BreadcrumbList","@id":"https:\/\/sociedadyseguridadsocial.org\/?p=1360#breadcrumb","itemListElement":[{"@type":"ListItem","position":1,"name":"Portada","item":"https:\/\/sociedadyseguridadsocial.org\/"},{"@type":"ListItem","position":2,"name":"SISALRIL sanciona cl\u00ednica por cobro indebido a afiliados a la Seguridad Social"}]},{"@type":"WebSite","@id":"https:\/\/sociedadyseguridadsocial.org\/#website","url":"https:\/\/sociedadyseguridadsocial.org\/","name":"sociedadyseguridadsocial.org","description":"S\u00f3lo salud, no es seguridad social.","publisher":{"@id":"https:\/\/sociedadyseguridadsocial.org\/#organization"},"potentialAction":[{"@type":"SearchAction","target":{"@type":"EntryPoint","urlTemplate":"https:\/\/sociedadyseguridadsocial.org\/?s={search_term_string}"},"query-input":"required name=search_term_string"}],"inLanguage":"es-DO"},{"@type":"Organization","@id":"https:\/\/sociedadyseguridadsocial.org\/#organization","name":"sociedadyseguridadsocial.org","url":"https:\/\/sociedadyseguridadsocial.org\/","logo":{"@type":"ImageObject","inLanguage":"es-DO","@id":"https:\/\/sociedadyseguridadsocial.org\/#\/schema\/logo\/image\/","url":"https:\/\/sociedadyseguridadsocial.org\/wp-content\/uploads\/2023\/03\/cropped-cropped-IMG-20230317-WA0125-1.jpg","contentUrl":"https:\/\/sociedadyseguridadsocial.org\/wp-content\/uploads\/2023\/03\/cropped-cropped-IMG-20230317-WA0125-1.jpg","width":265,"height":77,"caption":"sociedadyseguridadsocial.org"},"image":{"@id":"https:\/\/sociedadyseguridadsocial.org\/#\/schema\/logo\/image\/"},"sameAs":["https:\/\/www.facebook.com\/syseguridadsocial","https:\/\/www.instagram.com\/sociedadyseguridadsocial\/"]},{"@type":"Person","@id":"https:\/\/sociedadyseguridadsocial.org\/#\/schema\/person\/45cf5223b982daeb4936c66c072575e3","name":"sociedadyseguridadsocial@gmail.com","image":{"@type":"ImageObject","inLanguage":"es-DO","@id":"https:\/\/sociedadyseguridadsocial.org\/#\/schema\/person\/image\/","url":"https:\/\/secure.gravatar.com\/avatar\/d0c387d833f1414553de50fe7294ab4c?s=96&d=mm&r=g","contentUrl":"https:\/\/secure.gravatar.com\/avatar\/d0c387d833f1414553de50fe7294ab4c?s=96&d=mm&r=g","caption":"sociedadyseguridadsocial@gmail.com"},"sameAs":["http:\/\/sociedadyseguridadsocial.org"],"url":"https:\/\/sociedadyseguridadsocial.org\/?author=1"}]}},"_links":{"self":[{"href":"https:\/\/sociedadyseguridadsocial.org\/index.php?rest_route=\/wp\/v2\/posts\/1360"}],"collection":[{"href":"https:\/\/sociedadyseguridadsocial.org\/index.php?rest_route=\/wp\/v2\/posts"}],"about":[{"href":"https:\/\/sociedadyseguridadsocial.org\/index.php?rest_route=\/wp\/v2\/types\/post"}],"author":[{"embeddable":true,"href":"https:\/\/sociedadyseguridadsocial.org\/index.php?rest_route=\/wp\/v2\/users\/1"}],"replies":[{"embeddable":true,"href":"https:\/\/sociedadyseguridadsocial.org\/index.php?rest_route=%2Fwp%2Fv2%2Fcomments&post=1360"}],"version-history":[{"count":3,"href":"https:\/\/sociedadyseguridadsocial.org\/index.php?rest_route=\/wp\/v2\/posts\/1360\/revisions"}],"predecessor-version":[{"id":1366,"href":"https:\/\/sociedadyseguridadsocial.org\/index.php?rest_route=\/wp\/v2\/posts\/1360\/revisions\/1366"}],"wp:featuredmedia":[{"embeddable":true,"href":"https:\/\/sociedadyseguridadsocial.org\/index.php?rest_route=\/wp\/v2\/media\/1361"}],"wp:attachment":[{"href":"https:\/\/sociedadyseguridadsocial.org\/index.php?rest_route=%2Fwp%2Fv2%2Fmedia&parent=1360"}],"wp:term":[{"taxonomy":"category","embeddable":true,"href":"https:\/\/sociedadyseguridadsocial.org\/index.php?rest_route=%2Fwp%2Fv2%2Fcategories&post=1360"},{"taxonomy":"post_tag","embeddable":true,"href":"https:\/\/sociedadyseguridadsocial.org\/index.php?rest_route=%2Fwp%2Fv2%2Ftags&post=1360"}],"curies":[{"name":"wp","href":"https:\/\/api.w.org\/{rel}","templated":true}]}}