{"id":1388,"date":"2023-10-01T02:42:19","date_gmt":"2023-10-01T02:42:19","guid":{"rendered":"https:\/\/sociedadyseguridadsocial.org\/?p=1388"},"modified":"2023-10-01T02:48:48","modified_gmt":"2023-10-01T02:48:48","slug":"lopez-solis-afirma-seguro-de-riesgos-laborales-establece-record-en-atenciones-a-sus-afiliados","status":"publish","type":"post","link":"https:\/\/sociedadyseguridadsocial.org\/?p=1388","title":{"rendered":"L\u00f3pez Sol\u00eds afirma Seguro de Riesgos Laborales establece r\u00e9cord en atenciones a sus afiliados"},"content":{"rendered":"<p>Rep\u00fablica Dominicana. 28\/Septiembre\/2023.-<\/p>\n<p><i><span lang=\"ES\">Al rendir cuentas de las acciones de su gesti\u00f3n, con motivo del Cuarto Aniversario de la fundaci\u00f3n del IDOPPRIL, otrora Administradora de Riesgos Laborales Salud Segura (ARLSS), el funcionario consider\u00f3 que la mejor\u00eda en las atenciones recibidas por los trabajadores dominicanos le ha permitido al IDOPPRIL lograr cifras r\u00e9cord y el reconocimiento de empleadores, trabajadores y de instituciones nacionales e internacionales ligadas a la prevenci\u00f3n y protecci\u00f3n de los riesgos laborales.<\/span><\/i><\/p>\n<p><i><span lang=\"ES\">El director ejecutivo del Instituto Dominicano de Prevenci\u00f3n y Protecci\u00f3n de Riesgos Laborales (IDOPPRIL), revel\u00f3 que en la actual gesti\u00f3n de gobierno se han logrado metas que no hab\u00edan sido alcanzadas desde la promulgaci\u00f3n de la Ley 87-01, que cre\u00f3 el Sistema de Seguridad Social en el pa\u00eds.<\/span><\/i><\/p>\n<p><i><span lang=\"ES\">\u00a0<\/span><\/i><i><span lang=\"ES\">El doctor Fausto L\u00f3pez Sol\u00eds, inform\u00f3 que en los primeros tres a\u00f1os de gesti\u00f3n del Gobierno del Presidente Luis Abinader se han desembolsado cerca de 7,500 millones de pesos para cubrir atenciones a los afiliados del Seguro de Riesgos Laborales.<\/span><\/i><\/p>\n<p><i><span lang=\"ES\">\u00a0<\/span><\/i><i><span lang=\"ES\">Agreg\u00f3 que como testimonio de ese nuevo comportamiento del IDOPPRIL a favor de los trabajadores se han otorgado beneficios a sus afiliados y a parientes de \u00e9stos por un monto de\u00a0<b><u>Siete Mil Cuatrocientos Sesenta y Un Millones, Seiscientos Setenta y Cuatro Mil Cientos Seis Pesos, con Cuarenta y Dos Centavos.<\/u><\/b>\u00a0(RD$7,461,674,106.<wbr \/>42)<b>.<\/b><\/span><\/i><\/p>\n<p><b><i><span lang=\"ES\">\u00a0<\/span><\/i><\/b><i><span lang=\"ES\">Indic\u00f3, el director del IDOPPRIL que de esos recursos\u00a0<b><u>Cuatro Mil Veinticuatro Millones, Cuatrocientos Treinta y Seis Mil, Cuatrocientos Dos Pesos con Setenta y Tres Centavos<\/u><\/b>\u00a0(RD$4,024,436, 402.73) fueron destinados a pagos por prestaciones m\u00e9dicas, pensi\u00f3n por Sobrevivencias, Pensi\u00f3n por Discapacidad, Orfandad, Viudez, Gastos F\u00fanebres e Indemnizaciones.<\/span><\/i><\/p>\n<p><i><span lang=\"ES\">\u00a0<\/span><\/i><i><span lang=\"ES\">As\u00ed mismo, el doctor Fausto L\u00f3pez Sol\u00eds, inform\u00f3 que \u201cpara cubrir\u00a0<b>Gastos de Salud y Procedimientos M\u00e9dicos<\/b>\u00a0de nuestros afiliados hemos realizado pagos por\u00a0<b><u>Tres Mil Cuatrocientos Treinta y Siete Millones, Doscientos Treinta y Siete Mil, Setecientos Tres Pesos con Sesenta y Nueve Centavos.\u00a0<\/u><\/b>(RD$3,437,237,703.<wbr \/>69)\u201d.<\/span><\/i><\/p>\n","protected":false},"excerpt":{"rendered":"<p>Rep\u00fablica Dominicana. 28\/Septiembre\/2023.- Al rendir cuentas de las acciones de su gesti\u00f3n, con motivo del Cuarto Aniversario de la fundaci\u00f3n del IDOPPRIL, otrora Administradora de<\/p>\n","protected":false},"author":1,"featured_media":1391,"comment_status":"open","ping_status":"open","sticky":false,"template":"","format":"standard","meta":{"footnotes":""},"categories":[28],"tags":[219,94,221,193,218,220],"yoast_head":"<!-- This site is optimized with the Yoast SEO plugin v22.6 - https:\/\/yoast.com\/wordpress\/plugins\/seo\/ -->\n<title>L\u00f3pez Sol\u00eds afirma Seguro de Riesgos Laborales establece r\u00e9cord en atenciones a sus afiliados - sociedadyseguridadsocial.org<\/title>\n<meta name=\"robots\" content=\"index, follow, max-snippet:-1, max-image-preview:large, max-video-preview:-1\" \/>\n<link rel=\"canonical\" href=\"https:\/\/sociedadyseguridadsocial.org\/?p=1388\" \/>\n<meta property=\"og:locale\" content=\"es_ES\" \/>\n<meta property=\"og:type\" content=\"article\" \/>\n<meta property=\"og:title\" content=\"L\u00f3pez Sol\u00eds afirma Seguro de Riesgos Laborales establece r\u00e9cord en atenciones a sus afiliados - sociedadyseguridadsocial.org\" \/>\n<meta property=\"og:description\" content=\"Rep\u00fablica Dominicana. 28\/Septiembre\/2023.- Al rendir cuentas de las acciones de su gesti\u00f3n, con motivo del Cuarto Aniversario de la fundaci\u00f3n del IDOPPRIL, otrora Administradora de\" \/>\n<meta property=\"og:url\" content=\"https:\/\/sociedadyseguridadsocial.org\/?p=1388\" \/>\n<meta property=\"og:site_name\" content=\"sociedadyseguridadsocial.org\" \/>\n<meta property=\"article:publisher\" content=\"https:\/\/www.facebook.com\/syseguridadsocial\" \/>\n<meta property=\"article:published_time\" content=\"2023-10-01T02:42:19+00:00\" \/>\n<meta property=\"article:modified_time\" content=\"2023-10-01T02:48:48+00:00\" \/>\n<meta property=\"og:image\" content=\"https:\/\/sociedadyseguridadsocial.org\/wp-content\/uploads\/2023\/10\/IMG-4256.jpg\" \/>\n\t<meta property=\"og:image:width\" content=\"1600\" \/>\n\t<meta property=\"og:image:height\" content=\"1066\" \/>\n\t<meta property=\"og:image:type\" content=\"image\/jpeg\" \/>\n<meta name=\"author\" content=\"sociedadyseguridadsocial@gmail.com\" \/>\n<meta name=\"twitter:card\" content=\"summary_large_image\" \/>\n<meta name=\"twitter:label1\" content=\"Written by\" \/>\n\t<meta name=\"twitter:data1\" content=\"sociedadyseguridadsocial@gmail.com\" \/>\n\t<meta name=\"twitter:label2\" content=\"Est. reading time\" \/>\n\t<meta name=\"twitter:data2\" content=\"2 minutos\" \/>\n<script type=\"application\/ld+json\" class=\"yoast-schema-graph\">{\"@context\":\"https:\/\/schema.org\",\"@graph\":[{\"@type\":\"Article\",\"@id\":\"https:\/\/sociedadyseguridadsocial.org\/?p=1388#article\",\"isPartOf\":{\"@id\":\"https:\/\/sociedadyseguridadsocial.org\/?p=1388\"},\"author\":{\"name\":\"sociedadyseguridadsocial@gmail.com\",\"@id\":\"https:\/\/sociedadyseguridadsocial.org\/#\/schema\/person\/45cf5223b982daeb4936c66c072575e3\"},\"headline\":\"L\u00f3pez Sol\u00eds afirma Seguro de Riesgos Laborales establece r\u00e9cord en atenciones a sus afiliados\",\"datePublished\":\"2023-10-01T02:42:19+00:00\",\"dateModified\":\"2023-10-01T02:48:48+00:00\",\"mainEntityOfPage\":{\"@id\":\"https:\/\/sociedadyseguridadsocial.org\/?p=1388\"},\"wordCount\":346,\"commentCount\":0,\"publisher\":{\"@id\":\"https:\/\/sociedadyseguridadsocial.org\/#organization\"},\"image\":{\"@id\":\"https:\/\/sociedadyseguridadsocial.org\/?p=1388#primaryimage\"},\"thumbnailUrl\":\"https:\/\/sociedadyseguridadsocial.org\/wp-content\/uploads\/2023\/10\/IMG-4256.jpg\",\"keywords\":[\"EMPLEADORES\",\"IDOPPRIL\",\"LOPEZ SOLIS\",\"PROTECCION\",\"RIESGOA LABORALES\",\"TRABAJADORES\"],\"articleSection\":[\"LEY SS\"],\"inLanguage\":\"es-DO\",\"potentialAction\":[{\"@type\":\"CommentAction\",\"name\":\"Comment\",\"target\":[\"https:\/\/sociedadyseguridadsocial.org\/?p=1388#respond\"]}]},{\"@type\":\"WebPage\",\"@id\":\"https:\/\/sociedadyseguridadsocial.org\/?p=1388\",\"url\":\"https:\/\/sociedadyseguridadsocial.org\/?p=1388\",\"name\":\"L\u00f3pez Sol\u00eds afirma Seguro de Riesgos Laborales establece r\u00e9cord en atenciones a sus afiliados - sociedadyseguridadsocial.org\",\"isPartOf\":{\"@id\":\"https:\/\/sociedadyseguridadsocial.org\/#website\"},\"primaryImageOfPage\":{\"@id\":\"https:\/\/sociedadyseguridadsocial.org\/?p=1388#primaryimage\"},\"image\":{\"@id\":\"https:\/\/sociedadyseguridadsocial.org\/?p=1388#primaryimage\"},\"thumbnailUrl\":\"https:\/\/sociedadyseguridadsocial.org\/wp-content\/uploads\/2023\/10\/IMG-4256.jpg\",\"datePublished\":\"2023-10-01T02:42:19+00:00\",\"dateModified\":\"2023-10-01T02:48:48+00:00\",\"breadcrumb\":{\"@id\":\"https:\/\/sociedadyseguridadsocial.org\/?p=1388#breadcrumb\"},\"inLanguage\":\"es-DO\",\"potentialAction\":[{\"@type\":\"ReadAction\",\"target\":[\"https:\/\/sociedadyseguridadsocial.org\/?p=1388\"]}]},{\"@type\":\"ImageObject\",\"inLanguage\":\"es-DO\",\"@id\":\"https:\/\/sociedadyseguridadsocial.org\/?p=1388#primaryimage\",\"url\":\"https:\/\/sociedadyseguridadsocial.org\/wp-content\/uploads\/2023\/10\/IMG-4256.jpg\",\"contentUrl\":\"https:\/\/sociedadyseguridadsocial.org\/wp-content\/uploads\/2023\/10\/IMG-4256.jpg\",\"width\":1600,\"height\":1066},{\"@type\":\"BreadcrumbList\",\"@id\":\"https:\/\/sociedadyseguridadsocial.org\/?p=1388#breadcrumb\",\"itemListElement\":[{\"@type\":\"ListItem\",\"position\":1,\"name\":\"Portada\",\"item\":\"https:\/\/sociedadyseguridadsocial.org\/\"},{\"@type\":\"ListItem\",\"position\":2,\"name\":\"L\u00f3pez Sol\u00eds afirma Seguro de Riesgos Laborales establece r\u00e9cord en atenciones a sus afiliados\"}]},{\"@type\":\"WebSite\",\"@id\":\"https:\/\/sociedadyseguridadsocial.org\/#website\",\"url\":\"https:\/\/sociedadyseguridadsocial.org\/\",\"name\":\"sociedadyseguridadsocial.org\",\"description\":\"S\u00f3lo salud, no es seguridad social.\",\"publisher\":{\"@id\":\"https:\/\/sociedadyseguridadsocial.org\/#organization\"},\"potentialAction\":[{\"@type\":\"SearchAction\",\"target\":{\"@type\":\"EntryPoint\",\"urlTemplate\":\"https:\/\/sociedadyseguridadsocial.org\/?s={search_term_string}\"},\"query-input\":\"required name=search_term_string\"}],\"inLanguage\":\"es-DO\"},{\"@type\":\"Organization\",\"@id\":\"https:\/\/sociedadyseguridadsocial.org\/#organization\",\"name\":\"sociedadyseguridadsocial.org\",\"url\":\"https:\/\/sociedadyseguridadsocial.org\/\",\"logo\":{\"@type\":\"ImageObject\",\"inLanguage\":\"es-DO\",\"@id\":\"https:\/\/sociedadyseguridadsocial.org\/#\/schema\/logo\/image\/\",\"url\":\"https:\/\/sociedadyseguridadsocial.org\/wp-content\/uploads\/2023\/03\/cropped-cropped-IMG-20230317-WA0125-1.jpg\",\"contentUrl\":\"https:\/\/sociedadyseguridadsocial.org\/wp-content\/uploads\/2023\/03\/cropped-cropped-IMG-20230317-WA0125-1.jpg\",\"width\":265,\"height\":77,\"caption\":\"sociedadyseguridadsocial.org\"},\"image\":{\"@id\":\"https:\/\/sociedadyseguridadsocial.org\/#\/schema\/logo\/image\/\"},\"sameAs\":[\"https:\/\/www.facebook.com\/syseguridadsocial\",\"https:\/\/www.instagram.com\/sociedadyseguridadsocial\/\"]},{\"@type\":\"Person\",\"@id\":\"https:\/\/sociedadyseguridadsocial.org\/#\/schema\/person\/45cf5223b982daeb4936c66c072575e3\",\"name\":\"sociedadyseguridadsocial@gmail.com\",\"image\":{\"@type\":\"ImageObject\",\"inLanguage\":\"es-DO\",\"@id\":\"https:\/\/sociedadyseguridadsocial.org\/#\/schema\/person\/image\/\",\"url\":\"https:\/\/secure.gravatar.com\/avatar\/d0c387d833f1414553de50fe7294ab4c?s=96&d=mm&r=g\",\"contentUrl\":\"https:\/\/secure.gravatar.com\/avatar\/d0c387d833f1414553de50fe7294ab4c?s=96&d=mm&r=g\",\"caption\":\"sociedadyseguridadsocial@gmail.com\"},\"sameAs\":[\"http:\/\/sociedadyseguridadsocial.org\"],\"url\":\"https:\/\/sociedadyseguridadsocial.org\/?author=1\"}]}<\/script>\n<!-- \/ Yoast SEO plugin. -->","yoast_head_json":{"title":"L\u00f3pez Sol\u00eds afirma Seguro de Riesgos Laborales establece r\u00e9cord en atenciones a sus afiliados - sociedadyseguridadsocial.org","robots":{"index":"index","follow":"follow","max-snippet":"max-snippet:-1","max-image-preview":"max-image-preview:large","max-video-preview":"max-video-preview:-1"},"canonical":"https:\/\/sociedadyseguridadsocial.org\/?p=1388","og_locale":"es_ES","og_type":"article","og_title":"L\u00f3pez Sol\u00eds afirma Seguro de Riesgos Laborales establece r\u00e9cord en atenciones a sus afiliados - sociedadyseguridadsocial.org","og_description":"Rep\u00fablica Dominicana. 28\/Septiembre\/2023.- Al rendir cuentas de las acciones de su gesti\u00f3n, con motivo del Cuarto Aniversario de la fundaci\u00f3n del IDOPPRIL, otrora Administradora de","og_url":"https:\/\/sociedadyseguridadsocial.org\/?p=1388","og_site_name":"sociedadyseguridadsocial.org","article_publisher":"https:\/\/www.facebook.com\/syseguridadsocial","article_published_time":"2023-10-01T02:42:19+00:00","article_modified_time":"2023-10-01T02:48:48+00:00","og_image":[{"width":1600,"height":1066,"url":"https:\/\/sociedadyseguridadsocial.org\/wp-content\/uploads\/2023\/10\/IMG-4256.jpg","type":"image\/jpeg"}],"author":"sociedadyseguridadsocial@gmail.com","twitter_card":"summary_large_image","twitter_misc":{"Written by":"sociedadyseguridadsocial@gmail.com","Est. reading time":"2 minutos"},"schema":{"@context":"https:\/\/schema.org","@graph":[{"@type":"Article","@id":"https:\/\/sociedadyseguridadsocial.org\/?p=1388#article","isPartOf":{"@id":"https:\/\/sociedadyseguridadsocial.org\/?p=1388"},"author":{"name":"sociedadyseguridadsocial@gmail.com","@id":"https:\/\/sociedadyseguridadsocial.org\/#\/schema\/person\/45cf5223b982daeb4936c66c072575e3"},"headline":"L\u00f3pez Sol\u00eds afirma Seguro de Riesgos Laborales establece r\u00e9cord en atenciones a sus afiliados","datePublished":"2023-10-01T02:42:19+00:00","dateModified":"2023-10-01T02:48:48+00:00","mainEntityOfPage":{"@id":"https:\/\/sociedadyseguridadsocial.org\/?p=1388"},"wordCount":346,"commentCount":0,"publisher":{"@id":"https:\/\/sociedadyseguridadsocial.org\/#organization"},"image":{"@id":"https:\/\/sociedadyseguridadsocial.org\/?p=1388#primaryimage"},"thumbnailUrl":"https:\/\/sociedadyseguridadsocial.org\/wp-content\/uploads\/2023\/10\/IMG-4256.jpg","keywords":["EMPLEADORES","IDOPPRIL","LOPEZ SOLIS","PROTECCION","RIESGOA LABORALES","TRABAJADORES"],"articleSection":["LEY SS"],"inLanguage":"es-DO","potentialAction":[{"@type":"CommentAction","name":"Comment","target":["https:\/\/sociedadyseguridadsocial.org\/?p=1388#respond"]}]},{"@type":"WebPage","@id":"https:\/\/sociedadyseguridadsocial.org\/?p=1388","url":"https:\/\/sociedadyseguridadsocial.org\/?p=1388","name":"L\u00f3pez Sol\u00eds afirma Seguro de Riesgos Laborales establece r\u00e9cord en atenciones a sus afiliados - sociedadyseguridadsocial.org","isPartOf":{"@id":"https:\/\/sociedadyseguridadsocial.org\/#website"},"primaryImageOfPage":{"@id":"https:\/\/sociedadyseguridadsocial.org\/?p=1388#primaryimage"},"image":{"@id":"https:\/\/sociedadyseguridadsocial.org\/?p=1388#primaryimage"},"thumbnailUrl":"https:\/\/sociedadyseguridadsocial.org\/wp-content\/uploads\/2023\/10\/IMG-4256.jpg","datePublished":"2023-10-01T02:42:19+00:00","dateModified":"2023-10-01T02:48:48+00:00","breadcrumb":{"@id":"https:\/\/sociedadyseguridadsocial.org\/?p=1388#breadcrumb"},"inLanguage":"es-DO","potentialAction":[{"@type":"ReadAction","target":["https:\/\/sociedadyseguridadsocial.org\/?p=1388"]}]},{"@type":"ImageObject","inLanguage":"es-DO","@id":"https:\/\/sociedadyseguridadsocial.org\/?p=1388#primaryimage","url":"https:\/\/sociedadyseguridadsocial.org\/wp-content\/uploads\/2023\/10\/IMG-4256.jpg","contentUrl":"https:\/\/sociedadyseguridadsocial.org\/wp-content\/uploads\/2023\/10\/IMG-4256.jpg","width":1600,"height":1066},{"@type":"BreadcrumbList","@id":"https:\/\/sociedadyseguridadsocial.org\/?p=1388#breadcrumb","itemListElement":[{"@type":"ListItem","position":1,"name":"Portada","item":"https:\/\/sociedadyseguridadsocial.org\/"},{"@type":"ListItem","position":2,"name":"L\u00f3pez Sol\u00eds afirma Seguro de Riesgos Laborales establece r\u00e9cord en atenciones a sus afiliados"}]},{"@type":"WebSite","@id":"https:\/\/sociedadyseguridadsocial.org\/#website","url":"https:\/\/sociedadyseguridadsocial.org\/","name":"sociedadyseguridadsocial.org","description":"S\u00f3lo salud, no es seguridad social.","publisher":{"@id":"https:\/\/sociedadyseguridadsocial.org\/#organization"},"potentialAction":[{"@type":"SearchAction","target":{"@type":"EntryPoint","urlTemplate":"https:\/\/sociedadyseguridadsocial.org\/?s={search_term_string}"},"query-input":"required name=search_term_string"}],"inLanguage":"es-DO"},{"@type":"Organization","@id":"https:\/\/sociedadyseguridadsocial.org\/#organization","name":"sociedadyseguridadsocial.org","url":"https:\/\/sociedadyseguridadsocial.org\/","logo":{"@type":"ImageObject","inLanguage":"es-DO","@id":"https:\/\/sociedadyseguridadsocial.org\/#\/schema\/logo\/image\/","url":"https:\/\/sociedadyseguridadsocial.org\/wp-content\/uploads\/2023\/03\/cropped-cropped-IMG-20230317-WA0125-1.jpg","contentUrl":"https:\/\/sociedadyseguridadsocial.org\/wp-content\/uploads\/2023\/03\/cropped-cropped-IMG-20230317-WA0125-1.jpg","width":265,"height":77,"caption":"sociedadyseguridadsocial.org"},"image":{"@id":"https:\/\/sociedadyseguridadsocial.org\/#\/schema\/logo\/image\/"},"sameAs":["https:\/\/www.facebook.com\/syseguridadsocial","https:\/\/www.instagram.com\/sociedadyseguridadsocial\/"]},{"@type":"Person","@id":"https:\/\/sociedadyseguridadsocial.org\/#\/schema\/person\/45cf5223b982daeb4936c66c072575e3","name":"sociedadyseguridadsocial@gmail.com","image":{"@type":"ImageObject","inLanguage":"es-DO","@id":"https:\/\/sociedadyseguridadsocial.org\/#\/schema\/person\/image\/","url":"https:\/\/secure.gravatar.com\/avatar\/d0c387d833f1414553de50fe7294ab4c?s=96&d=mm&r=g","contentUrl":"https:\/\/secure.gravatar.com\/avatar\/d0c387d833f1414553de50fe7294ab4c?s=96&d=mm&r=g","caption":"sociedadyseguridadsocial@gmail.com"},"sameAs":["http:\/\/sociedadyseguridadsocial.org"],"url":"https:\/\/sociedadyseguridadsocial.org\/?author=1"}]}},"_links":{"self":[{"href":"https:\/\/sociedadyseguridadsocial.org\/index.php?rest_route=\/wp\/v2\/posts\/1388"}],"collection":[{"href":"https:\/\/sociedadyseguridadsocial.org\/index.php?rest_route=\/wp\/v2\/posts"}],"about":[{"href":"https:\/\/sociedadyseguridadsocial.org\/index.php?rest_route=\/wp\/v2\/types\/post"}],"author":[{"embeddable":true,"href":"https:\/\/sociedadyseguridadsocial.org\/index.php?rest_route=\/wp\/v2\/users\/1"}],"replies":[{"embeddable":true,"href":"https:\/\/sociedadyseguridadsocial.org\/index.php?rest_route=%2Fwp%2Fv2%2Fcomments&post=1388"}],"version-history":[{"count":2,"href":"https:\/\/sociedadyseguridadsocial.org\/index.php?rest_route=\/wp\/v2\/posts\/1388\/revisions"}],"predecessor-version":[{"id":1390,"href":"https:\/\/sociedadyseguridadsocial.org\/index.php?rest_route=\/wp\/v2\/posts\/1388\/revisions\/1390"}],"wp:featuredmedia":[{"embeddable":true,"href":"https:\/\/sociedadyseguridadsocial.org\/index.php?rest_route=\/wp\/v2\/media\/1391"}],"wp:attachment":[{"href":"https:\/\/sociedadyseguridadsocial.org\/index.php?rest_route=%2Fwp%2Fv2%2Fmedia&parent=1388"}],"wp:term":[{"taxonomy":"category","embeddable":true,"href":"https:\/\/sociedadyseguridadsocial.org\/index.php?rest_route=%2Fwp%2Fv2%2Fcategories&post=1388"},{"taxonomy":"post_tag","embeddable":true,"href":"https:\/\/sociedadyseguridadsocial.org\/index.php?rest_route=%2Fwp%2Fv2%2Ftags&post=1388"}],"curies":[{"name":"wp","href":"https:\/\/api.w.org\/{rel}","templated":true}]}}