{"id":1893,"date":"2024-12-13T03:08:57","date_gmt":"2024-12-13T03:08:57","guid":{"rendered":"https:\/\/sociedadyseguridadsocial.org\/?p=1893"},"modified":"2024-12-13T03:08:57","modified_gmt":"2024-12-13T03:08:57","slug":"ars-primera-celebra-encuentro-navideno-con-la-prensa-y-reafirma-su-compromiso-con-la-salud-y-el-bienestar","status":"publish","type":"post","link":"https:\/\/sociedadyseguridadsocial.org\/?p=1893","title":{"rendered":"ARS Primera celebra encuentro navide\u00f1o con la prensa y reafirma su  compromiso con la salud y el bienestar"},"content":{"rendered":"<p>Rep\u00fablica Dominicana.\u00a0 Diciembre \/2024.-<\/p>\n<p>En un ambiente de celebraci\u00f3n y cercan\u00eda, ARS Primera realiz\u00f3 su tradicional encuentro navide\u00f1o con representantes de la prensa d\u00f3nde present\u00f3 un balance de su gesti\u00f3n anual, resaltando logros significativos y desaf\u00edos clave en su misi\u00f3n de ofrecer atenci\u00f3n de calidad a afiliados y prestadores.<\/p>\n<p>Durante el evento, directivos de la entidad destacaron la importancia de la<br \/>\ncolaboraci\u00f3n con los medios de comunicaci\u00f3n, reconoci\u00e9ndolos como aliados<br \/>\nesenciales para promover un sistema de seguridad social inclusivo, eficiente y<br \/>\nsostenible. \u201cLa calidad en salud es un compromiso compartido, y el apoyo de la<br \/>\nprensa es vital para construir un sistema que garantice bienestar para todos\u201d,<br \/>\nafirmaron.<\/p>\n<p>En 2024, ARS Primera ampli\u00f3 su red de prestadores, alcanzando m\u00e1s de 8,500<br \/>\nPSS contratados, incluyendo la red de programas de gesti\u00f3n de riesgos en salud,<br \/>\nenfocados en brindar atenci\u00f3n accesible y de calidad a sus afiliados.<br \/>\nEntre sus principales logros, destacaron la consolidaci\u00f3n de los programas de<br \/>\nPrimera en Salud, enfocados en la promoci\u00f3n, detecci\u00f3n temprana y gesti\u00f3n integral del cuidado.<\/p>\n<p>A trav\u00e9s de sus iniciativas de salud materno-infantil y enfermedades<br \/>\ncr\u00f3nicas, impactaron a 37,164 personas entre enero y octubre, logrando niveles de<br \/>\nsatisfacci\u00f3n del 98% y 100%, respectivamente.<\/p>\n<p>Uno de los desarrollos m\u00e1s destacados es la asistente virtual \u201cPili\u201d, que a trav\u00e9s de<br \/>\nsu capacidad de brindar informaci\u00f3n personalizada y facilitar transacciones<br \/>\nautom\u00e1ticas ha mejorado a\u00fan m\u00e1s la experiencia del afiliado. La instituci\u00f3n<br \/>\ncontinuar\u00e1 fortaleciendo su red de servicios, desarrollando nuevas iniciativas y<br \/>\nasegurando un acceso equitativo y sostenible a servicios de salud de alta calidad<br \/>\npara todos sus afiliados.<\/p>\n<p>Acerca de ARS Primera<br \/>\nSomos una Administradora de Riesgos de Salud (ARS) comprometida con el<br \/>\nbienestar de nuestros afiliados dentro del Sistema Dominicano de Seguridad Social.<\/p>\n<p>Nuestra misi\u00f3n es promover la salud y la calidad de vida a trav\u00e9s de una red de<br \/>\nprestadores de valor, apoyados en un modelo de gesti\u00f3n centrado en la prevenci\u00f3n,<\/p>\n<p>la atenci\u00f3n integral y el manejo proactivo de riesgos en salud. M\u00e1s informaci\u00f3n en:www.arsprimera.com<\/p>\n","protected":false},"excerpt":{"rendered":"<p>Rep\u00fablica Dominicana.\u00a0 Diciembre \/2024.- En un ambiente de celebraci\u00f3n y cercan\u00eda, ARS Primera realiz\u00f3 su tradicional encuentro navide\u00f1o con representantes de la prensa d\u00f3nde present\u00f3<\/p>\n","protected":false},"author":1,"featured_media":1895,"comment_status":"open","ping_status":"open","sticky":false,"template":"","format":"standard","meta":{"footnotes":""},"categories":[1],"tags":[175,556,555,557,554,465,553],"yoast_head":"<!-- This site is optimized with the Yoast SEO plugin v22.6 - https:\/\/yoast.com\/wordpress\/plugins\/seo\/ -->\n<title>ARS Primera celebra encuentro navide\u00f1o con la prensa y reafirma su compromiso con la salud y el bienestar - sociedadyseguridadsocial.org<\/title>\n<meta name=\"description\" content=\"Descubre los logros destacados de ARS Primera en 2024, incluyendo la expansi\u00f3n de su red a m\u00e1s de 8,500 prestadores, programas innovadores y la asistente virtual &#039;Pili&#039;. Comprometidos con la calidad y el bienestar de sus afiliados.&quot;\" \/>\n<meta name=\"robots\" content=\"index, follow, max-snippet:-1, max-image-preview:large, max-video-preview:-1\" \/>\n<link rel=\"canonical\" href=\"https:\/\/sociedadyseguridadsocial.org\/?p=1893\" \/>\n<meta property=\"og:locale\" content=\"es_ES\" \/>\n<meta property=\"og:type\" content=\"article\" \/>\n<meta property=\"og:title\" content=\"ARS Primera celebra encuentro navide\u00f1o con la prensa y reafirma su compromiso con la salud y el bienestar - sociedadyseguridadsocial.org\" \/>\n<meta property=\"og:description\" content=\"Descubre los logros destacados de ARS Primera en 2024, incluyendo la expansi\u00f3n de su red a m\u00e1s de 8,500 prestadores, programas innovadores y la asistente virtual &#039;Pili&#039;. Comprometidos con la calidad y el bienestar de sus afiliados.&quot;\" \/>\n<meta property=\"og:url\" content=\"https:\/\/sociedadyseguridadsocial.org\/?p=1893\" \/>\n<meta property=\"og:site_name\" content=\"sociedadyseguridadsocial.org\" \/>\n<meta property=\"article:publisher\" content=\"https:\/\/www.facebook.com\/syseguridadsocial\" \/>\n<meta property=\"article:published_time\" content=\"2024-12-13T03:08:57+00:00\" \/>\n<meta property=\"og:image\" content=\"https:\/\/sociedadyseguridadsocial.org\/wp-content\/uploads\/2024\/12\/DSC05977-scaled.jpg\" \/>\n\t<meta property=\"og:image:width\" content=\"2560\" \/>\n\t<meta property=\"og:image:height\" content=\"1730\" \/>\n\t<meta property=\"og:image:type\" content=\"image\/jpeg\" \/>\n<meta name=\"author\" content=\"sociedadyseguridadsocial@gmail.com\" \/>\n<meta name=\"twitter:card\" content=\"summary_large_image\" \/>\n<meta name=\"twitter:label1\" content=\"Written by\" \/>\n\t<meta name=\"twitter:data1\" content=\"sociedadyseguridadsocial@gmail.com\" \/>\n\t<meta name=\"twitter:label2\" content=\"Est. reading time\" \/>\n\t<meta name=\"twitter:data2\" content=\"2 minutos\" \/>\n<script type=\"application\/ld+json\" class=\"yoast-schema-graph\">{\"@context\":\"https:\/\/schema.org\",\"@graph\":[{\"@type\":\"Article\",\"@id\":\"https:\/\/sociedadyseguridadsocial.org\/?p=1893#article\",\"isPartOf\":{\"@id\":\"https:\/\/sociedadyseguridadsocial.org\/?p=1893\"},\"author\":{\"name\":\"sociedadyseguridadsocial@gmail.com\",\"@id\":\"https:\/\/sociedadyseguridadsocial.org\/#\/schema\/person\/45cf5223b982daeb4936c66c072575e3\"},\"headline\":\"ARS Primera celebra encuentro navide\u00f1o con la prensa y reafirma su compromiso con la salud y el bienestar\",\"datePublished\":\"2024-12-13T03:08:57+00:00\",\"dateModified\":\"2024-12-13T03:08:57+00:00\",\"mainEntityOfPage\":{\"@id\":\"https:\/\/sociedadyseguridadsocial.org\/?p=1893\"},\"wordCount\":383,\"commentCount\":0,\"publisher\":{\"@id\":\"https:\/\/sociedadyseguridadsocial.org\/#organization\"},\"image\":{\"@id\":\"https:\/\/sociedadyseguridadsocial.org\/?p=1893#primaryimage\"},\"thumbnailUrl\":\"https:\/\/sociedadyseguridadsocial.org\/wp-content\/uploads\/2024\/12\/DSC05977-scaled.jpg\",\"keywords\":[\"ARS PRIMERA\",\"Asistente virtual en salud\",\"Gesti\u00f3n de riesgos en salud\",\"Pili\",\"Red de prestadores de servicios de salud\",\"Seguridad Social en Rep\u00fablica Dominicana\",\"Sistema Dominicano de Seguridad Social\"],\"articleSection\":[\"ARS\"],\"inLanguage\":\"es-DO\",\"potentialAction\":[{\"@type\":\"CommentAction\",\"name\":\"Comment\",\"target\":[\"https:\/\/sociedadyseguridadsocial.org\/?p=1893#respond\"]}]},{\"@type\":\"WebPage\",\"@id\":\"https:\/\/sociedadyseguridadsocial.org\/?p=1893\",\"url\":\"https:\/\/sociedadyseguridadsocial.org\/?p=1893\",\"name\":\"ARS Primera celebra encuentro navide\u00f1o con la prensa y reafirma su compromiso con la salud y el bienestar - sociedadyseguridadsocial.org\",\"isPartOf\":{\"@id\":\"https:\/\/sociedadyseguridadsocial.org\/#website\"},\"primaryImageOfPage\":{\"@id\":\"https:\/\/sociedadyseguridadsocial.org\/?p=1893#primaryimage\"},\"image\":{\"@id\":\"https:\/\/sociedadyseguridadsocial.org\/?p=1893#primaryimage\"},\"thumbnailUrl\":\"https:\/\/sociedadyseguridadsocial.org\/wp-content\/uploads\/2024\/12\/DSC05977-scaled.jpg\",\"datePublished\":\"2024-12-13T03:08:57+00:00\",\"dateModified\":\"2024-12-13T03:08:57+00:00\",\"description\":\"Descubre los logros destacados de ARS Primera en 2024, incluyendo la expansi\u00f3n de su red a m\u00e1s de 8,500 prestadores, programas innovadores y la asistente virtual 'Pili'. Comprometidos con la calidad y el bienestar de sus afiliados.\\\"\",\"breadcrumb\":{\"@id\":\"https:\/\/sociedadyseguridadsocial.org\/?p=1893#breadcrumb\"},\"inLanguage\":\"es-DO\",\"potentialAction\":[{\"@type\":\"ReadAction\",\"target\":[\"https:\/\/sociedadyseguridadsocial.org\/?p=1893\"]}]},{\"@type\":\"ImageObject\",\"inLanguage\":\"es-DO\",\"@id\":\"https:\/\/sociedadyseguridadsocial.org\/?p=1893#primaryimage\",\"url\":\"https:\/\/sociedadyseguridadsocial.org\/wp-content\/uploads\/2024\/12\/DSC05977-scaled.jpg\",\"contentUrl\":\"https:\/\/sociedadyseguridadsocial.org\/wp-content\/uploads\/2024\/12\/DSC05977-scaled.jpg\",\"width\":2560,\"height\":1730},{\"@type\":\"BreadcrumbList\",\"@id\":\"https:\/\/sociedadyseguridadsocial.org\/?p=1893#breadcrumb\",\"itemListElement\":[{\"@type\":\"ListItem\",\"position\":1,\"name\":\"Portada\",\"item\":\"https:\/\/sociedadyseguridadsocial.org\/\"},{\"@type\":\"ListItem\",\"position\":2,\"name\":\"ARS Primera celebra encuentro navide\u00f1o con la prensa y reafirma su compromiso con la salud y el bienestar\"}]},{\"@type\":\"WebSite\",\"@id\":\"https:\/\/sociedadyseguridadsocial.org\/#website\",\"url\":\"https:\/\/sociedadyseguridadsocial.org\/\",\"name\":\"sociedadyseguridadsocial.org\",\"description\":\"S\u00f3lo salud, no es seguridad social.\",\"publisher\":{\"@id\":\"https:\/\/sociedadyseguridadsocial.org\/#organization\"},\"potentialAction\":[{\"@type\":\"SearchAction\",\"target\":{\"@type\":\"EntryPoint\",\"urlTemplate\":\"https:\/\/sociedadyseguridadsocial.org\/?s={search_term_string}\"},\"query-input\":\"required name=search_term_string\"}],\"inLanguage\":\"es-DO\"},{\"@type\":\"Organization\",\"@id\":\"https:\/\/sociedadyseguridadsocial.org\/#organization\",\"name\":\"sociedadyseguridadsocial.org\",\"url\":\"https:\/\/sociedadyseguridadsocial.org\/\",\"logo\":{\"@type\":\"ImageObject\",\"inLanguage\":\"es-DO\",\"@id\":\"https:\/\/sociedadyseguridadsocial.org\/#\/schema\/logo\/image\/\",\"url\":\"https:\/\/sociedadyseguridadsocial.org\/wp-content\/uploads\/2023\/03\/cropped-cropped-IMG-20230317-WA0125-1.jpg\",\"contentUrl\":\"https:\/\/sociedadyseguridadsocial.org\/wp-content\/uploads\/2023\/03\/cropped-cropped-IMG-20230317-WA0125-1.jpg\",\"width\":265,\"height\":77,\"caption\":\"sociedadyseguridadsocial.org\"},\"image\":{\"@id\":\"https:\/\/sociedadyseguridadsocial.org\/#\/schema\/logo\/image\/\"},\"sameAs\":[\"https:\/\/www.facebook.com\/syseguridadsocial\",\"https:\/\/www.instagram.com\/sociedadyseguridadsocial\/\"]},{\"@type\":\"Person\",\"@id\":\"https:\/\/sociedadyseguridadsocial.org\/#\/schema\/person\/45cf5223b982daeb4936c66c072575e3\",\"name\":\"sociedadyseguridadsocial@gmail.com\",\"image\":{\"@type\":\"ImageObject\",\"inLanguage\":\"es-DO\",\"@id\":\"https:\/\/sociedadyseguridadsocial.org\/#\/schema\/person\/image\/\",\"url\":\"https:\/\/secure.gravatar.com\/avatar\/d0c387d833f1414553de50fe7294ab4c?s=96&d=mm&r=g\",\"contentUrl\":\"https:\/\/secure.gravatar.com\/avatar\/d0c387d833f1414553de50fe7294ab4c?s=96&d=mm&r=g\",\"caption\":\"sociedadyseguridadsocial@gmail.com\"},\"sameAs\":[\"http:\/\/sociedadyseguridadsocial.org\"],\"url\":\"https:\/\/sociedadyseguridadsocial.org\/?author=1\"}]}<\/script>\n<!-- \/ Yoast SEO plugin. -->","yoast_head_json":{"title":"ARS Primera celebra encuentro navide\u00f1o con la prensa y reafirma su compromiso con la salud y el bienestar - sociedadyseguridadsocial.org","description":"Descubre los logros destacados de ARS Primera en 2024, incluyendo la expansi\u00f3n de su red a m\u00e1s de 8,500 prestadores, programas innovadores y la asistente virtual 'Pili'. Comprometidos con la calidad y el bienestar de sus afiliados.\"","robots":{"index":"index","follow":"follow","max-snippet":"max-snippet:-1","max-image-preview":"max-image-preview:large","max-video-preview":"max-video-preview:-1"},"canonical":"https:\/\/sociedadyseguridadsocial.org\/?p=1893","og_locale":"es_ES","og_type":"article","og_title":"ARS Primera celebra encuentro navide\u00f1o con la prensa y reafirma su compromiso con la salud y el bienestar - sociedadyseguridadsocial.org","og_description":"Descubre los logros destacados de ARS Primera en 2024, incluyendo la expansi\u00f3n de su red a m\u00e1s de 8,500 prestadores, programas innovadores y la asistente virtual 'Pili'. Comprometidos con la calidad y el bienestar de sus afiliados.\"","og_url":"https:\/\/sociedadyseguridadsocial.org\/?p=1893","og_site_name":"sociedadyseguridadsocial.org","article_publisher":"https:\/\/www.facebook.com\/syseguridadsocial","article_published_time":"2024-12-13T03:08:57+00:00","og_image":[{"width":2560,"height":1730,"url":"https:\/\/sociedadyseguridadsocial.org\/wp-content\/uploads\/2024\/12\/DSC05977-scaled.jpg","type":"image\/jpeg"}],"author":"sociedadyseguridadsocial@gmail.com","twitter_card":"summary_large_image","twitter_misc":{"Written by":"sociedadyseguridadsocial@gmail.com","Est. reading time":"2 minutos"},"schema":{"@context":"https:\/\/schema.org","@graph":[{"@type":"Article","@id":"https:\/\/sociedadyseguridadsocial.org\/?p=1893#article","isPartOf":{"@id":"https:\/\/sociedadyseguridadsocial.org\/?p=1893"},"author":{"name":"sociedadyseguridadsocial@gmail.com","@id":"https:\/\/sociedadyseguridadsocial.org\/#\/schema\/person\/45cf5223b982daeb4936c66c072575e3"},"headline":"ARS Primera celebra encuentro navide\u00f1o con la prensa y reafirma su compromiso con la salud y el bienestar","datePublished":"2024-12-13T03:08:57+00:00","dateModified":"2024-12-13T03:08:57+00:00","mainEntityOfPage":{"@id":"https:\/\/sociedadyseguridadsocial.org\/?p=1893"},"wordCount":383,"commentCount":0,"publisher":{"@id":"https:\/\/sociedadyseguridadsocial.org\/#organization"},"image":{"@id":"https:\/\/sociedadyseguridadsocial.org\/?p=1893#primaryimage"},"thumbnailUrl":"https:\/\/sociedadyseguridadsocial.org\/wp-content\/uploads\/2024\/12\/DSC05977-scaled.jpg","keywords":["ARS PRIMERA","Asistente virtual en salud","Gesti\u00f3n de riesgos en salud","Pili","Red de prestadores de servicios de salud","Seguridad Social en Rep\u00fablica Dominicana","Sistema Dominicano de Seguridad Social"],"articleSection":["ARS"],"inLanguage":"es-DO","potentialAction":[{"@type":"CommentAction","name":"Comment","target":["https:\/\/sociedadyseguridadsocial.org\/?p=1893#respond"]}]},{"@type":"WebPage","@id":"https:\/\/sociedadyseguridadsocial.org\/?p=1893","url":"https:\/\/sociedadyseguridadsocial.org\/?p=1893","name":"ARS Primera celebra encuentro navide\u00f1o con la prensa y reafirma su compromiso con la salud y el bienestar - sociedadyseguridadsocial.org","isPartOf":{"@id":"https:\/\/sociedadyseguridadsocial.org\/#website"},"primaryImageOfPage":{"@id":"https:\/\/sociedadyseguridadsocial.org\/?p=1893#primaryimage"},"image":{"@id":"https:\/\/sociedadyseguridadsocial.org\/?p=1893#primaryimage"},"thumbnailUrl":"https:\/\/sociedadyseguridadsocial.org\/wp-content\/uploads\/2024\/12\/DSC05977-scaled.jpg","datePublished":"2024-12-13T03:08:57+00:00","dateModified":"2024-12-13T03:08:57+00:00","description":"Descubre los logros destacados de ARS Primera en 2024, incluyendo la expansi\u00f3n de su red a m\u00e1s de 8,500 prestadores, programas innovadores y la asistente virtual 'Pili'. Comprometidos con la calidad y el bienestar de sus afiliados.\"","breadcrumb":{"@id":"https:\/\/sociedadyseguridadsocial.org\/?p=1893#breadcrumb"},"inLanguage":"es-DO","potentialAction":[{"@type":"ReadAction","target":["https:\/\/sociedadyseguridadsocial.org\/?p=1893"]}]},{"@type":"ImageObject","inLanguage":"es-DO","@id":"https:\/\/sociedadyseguridadsocial.org\/?p=1893#primaryimage","url":"https:\/\/sociedadyseguridadsocial.org\/wp-content\/uploads\/2024\/12\/DSC05977-scaled.jpg","contentUrl":"https:\/\/sociedadyseguridadsocial.org\/wp-content\/uploads\/2024\/12\/DSC05977-scaled.jpg","width":2560,"height":1730},{"@type":"BreadcrumbList","@id":"https:\/\/sociedadyseguridadsocial.org\/?p=1893#breadcrumb","itemListElement":[{"@type":"ListItem","position":1,"name":"Portada","item":"https:\/\/sociedadyseguridadsocial.org\/"},{"@type":"ListItem","position":2,"name":"ARS Primera celebra encuentro navide\u00f1o con la prensa y reafirma su compromiso con la salud y el bienestar"}]},{"@type":"WebSite","@id":"https:\/\/sociedadyseguridadsocial.org\/#website","url":"https:\/\/sociedadyseguridadsocial.org\/","name":"sociedadyseguridadsocial.org","description":"S\u00f3lo salud, no es seguridad social.","publisher":{"@id":"https:\/\/sociedadyseguridadsocial.org\/#organization"},"potentialAction":[{"@type":"SearchAction","target":{"@type":"EntryPoint","urlTemplate":"https:\/\/sociedadyseguridadsocial.org\/?s={search_term_string}"},"query-input":"required name=search_term_string"}],"inLanguage":"es-DO"},{"@type":"Organization","@id":"https:\/\/sociedadyseguridadsocial.org\/#organization","name":"sociedadyseguridadsocial.org","url":"https:\/\/sociedadyseguridadsocial.org\/","logo":{"@type":"ImageObject","inLanguage":"es-DO","@id":"https:\/\/sociedadyseguridadsocial.org\/#\/schema\/logo\/image\/","url":"https:\/\/sociedadyseguridadsocial.org\/wp-content\/uploads\/2023\/03\/cropped-cropped-IMG-20230317-WA0125-1.jpg","contentUrl":"https:\/\/sociedadyseguridadsocial.org\/wp-content\/uploads\/2023\/03\/cropped-cropped-IMG-20230317-WA0125-1.jpg","width":265,"height":77,"caption":"sociedadyseguridadsocial.org"},"image":{"@id":"https:\/\/sociedadyseguridadsocial.org\/#\/schema\/logo\/image\/"},"sameAs":["https:\/\/www.facebook.com\/syseguridadsocial","https:\/\/www.instagram.com\/sociedadyseguridadsocial\/"]},{"@type":"Person","@id":"https:\/\/sociedadyseguridadsocial.org\/#\/schema\/person\/45cf5223b982daeb4936c66c072575e3","name":"sociedadyseguridadsocial@gmail.com","image":{"@type":"ImageObject","inLanguage":"es-DO","@id":"https:\/\/sociedadyseguridadsocial.org\/#\/schema\/person\/image\/","url":"https:\/\/secure.gravatar.com\/avatar\/d0c387d833f1414553de50fe7294ab4c?s=96&d=mm&r=g","contentUrl":"https:\/\/secure.gravatar.com\/avatar\/d0c387d833f1414553de50fe7294ab4c?s=96&d=mm&r=g","caption":"sociedadyseguridadsocial@gmail.com"},"sameAs":["http:\/\/sociedadyseguridadsocial.org"],"url":"https:\/\/sociedadyseguridadsocial.org\/?author=1"}]}},"_links":{"self":[{"href":"https:\/\/sociedadyseguridadsocial.org\/index.php?rest_route=\/wp\/v2\/posts\/1893"}],"collection":[{"href":"https:\/\/sociedadyseguridadsocial.org\/index.php?rest_route=\/wp\/v2\/posts"}],"about":[{"href":"https:\/\/sociedadyseguridadsocial.org\/index.php?rest_route=\/wp\/v2\/types\/post"}],"author":[{"embeddable":true,"href":"https:\/\/sociedadyseguridadsocial.org\/index.php?rest_route=\/wp\/v2\/users\/1"}],"replies":[{"embeddable":true,"href":"https:\/\/sociedadyseguridadsocial.org\/index.php?rest_route=%2Fwp%2Fv2%2Fcomments&post=1893"}],"version-history":[{"count":2,"href":"https:\/\/sociedadyseguridadsocial.org\/index.php?rest_route=\/wp\/v2\/posts\/1893\/revisions"}],"predecessor-version":[{"id":1896,"href":"https:\/\/sociedadyseguridadsocial.org\/index.php?rest_route=\/wp\/v2\/posts\/1893\/revisions\/1896"}],"wp:featuredmedia":[{"embeddable":true,"href":"https:\/\/sociedadyseguridadsocial.org\/index.php?rest_route=\/wp\/v2\/media\/1895"}],"wp:attachment":[{"href":"https:\/\/sociedadyseguridadsocial.org\/index.php?rest_route=%2Fwp%2Fv2%2Fmedia&parent=1893"}],"wp:term":[{"taxonomy":"category","embeddable":true,"href":"https:\/\/sociedadyseguridadsocial.org\/index.php?rest_route=%2Fwp%2Fv2%2Fcategories&post=1893"},{"taxonomy":"post_tag","embeddable":true,"href":"https:\/\/sociedadyseguridadsocial.org\/index.php?rest_route=%2Fwp%2Fv2%2Ftags&post=1893"}],"curies":[{"name":"wp","href":"https:\/\/api.w.org\/{rel}","templated":true}]}}