{"id":2343,"date":"2026-04-29T03:00:08","date_gmt":"2026-04-29T03:00:08","guid":{"rendered":"https:\/\/sociedadyseguridadsocial.org\/?p=2343"},"modified":"2026-04-29T03:00:08","modified_gmt":"2026-04-29T03:00:08","slug":"reforma-sdss-pensiones-sipen-analisis-republica-dominicana","status":"publish","type":"post","link":"https:\/\/sociedadyseguridadsocial.org\/?p=2343","title":{"rendered":"Reforma del SDSS y pensiones en RD: avances importantes, pero a\u00fan lejos de garantizar una vejez digna (1\/2)"},"content":{"rendered":"<p>Por <span class=\"hover:entity-accent entity-underline inline cursor-pointer align-baseline\"><span class=\"whitespace-normal\">Arismendi D\u00edaz Santana<\/span><\/span><\/p>\n<p>Republ\u00edca Dominicana . Abril\/2026.-<\/p>\n<h3 data-section-id=\"adpzy4\" data-start=\"582\" data-end=\"656\"><span role=\"text\"><strong data-start=\"589\" data-end=\"656\">Un sistema que avanza\u2026 pero no corrige sus fallas estructurales<\/strong><\/span><\/h3>\n<p data-start=\"658\" data-end=\"886\">El anteproyecto de reforma del Sistema Dominicano de Seguridad Social (SDSS), impulsado por la <span class=\"hover:entity-accent entity-underline inline cursor-pointer align-baseline\"><span class=\"whitespace-normal\">Superintendencia de Pensiones<\/span><\/span> (SIPEN), introduce mejoras relevantes en t\u00e9rminos de cobertura y fortalecimiento institucional.<\/p>\n<p data-start=\"888\" data-end=\"1084\">Sin embargo, la propuesta mantiene intacta la arquitectura del sistema, lo que implica que <strong data-start=\"979\" data-end=\"1083\">los problemas de fondo \u2014especialmente la baja suficiencia de las pensiones\u2014 contin\u00faan sin resolverse<\/strong>.<\/p>\n<h3 data-section-id=\"1f9gfqw\" data-start=\"1091\" data-end=\"1152\"><span role=\"text\"><strong data-start=\"1098\" data-end=\"1152\">M\u00e1s cobertura y m\u00e1s ahorro: logros incuestionables<\/strong><\/span><\/h3>\n<p data-start=\"1154\" data-end=\"1229\">El sistema de capitalizaci\u00f3n individual ha mostrado avances significativos:<\/p>\n<p data-start=\"1154\" data-end=\"1229\">\u00a0Cobertura de trabajadores asalariados pas\u00f3 de <strong data-start=\"1282\" data-end=\"1294\">9% a 95%<\/strong> en menos de cinco a\u00f1os<\/p>\n<p data-start=\"1154\" data-end=\"1229\">\u00a0Acumulaci\u00f3n de un patrimonio de <strong data-start=\"1357\" data-end=\"1382\">1.3 billones de pesos<\/strong>, equivalente al <strong data-start=\"1399\" data-end=\"1416\">20.8% del PIB<\/strong><\/p>\n<p data-start=\"1420\" data-end=\"1531\">Estos resultados posicionan a los trabajadores como actores clave en el financiamiento del desarrollo nacional.<\/p>\n<h3 data-section-id=\"1sn63eu\" data-start=\"1538\" data-end=\"1594\"><span role=\"text\"><strong data-start=\"1545\" data-end=\"1594\">El problema de fondo: pensiones insuficientes<\/strong><\/span><\/h3>\n<p data-start=\"1596\" data-end=\"1694\">A pesar de estos avances, la realidad es clara:<br data-start=\"1643\" data-end=\"1646\" \/><strong data-start=\"1649\" data-end=\"1694\">m\u00e1s ahorro no significa mejores pensiones<\/strong><\/p>\n<p data-start=\"1696\" data-end=\"1714\">Un trabajador con:<\/p>\n<p><strong data-start=\"1721\" data-end=\"1743\">30 a\u00f1os de aportes<\/strong> apenas alcanzar\u00eda una pensi\u00f3n de <strong data-start=\"1777\" data-end=\"1798\">35% de su salario<\/strong><\/p>\n<p><strong data-start=\"1806\" data-end=\"1831\">20 a\u00f1os de cotizaci\u00f3n<\/strong> recibir\u00eda alrededor de <strong data-start=\"1855\" data-end=\"1862\">23%<\/strong><\/p>\n<p data-start=\"1866\" data-end=\"1985\">Esto est\u00e1 muy por debajo del 70% hist\u00f3ricamente esperado y <strong data-start=\"1925\" data-end=\"1984\">plantea un escenario preocupante de pobreza en la vejez<\/strong>.<\/p>\n<h3 data-section-id=\"uomigu\" data-start=\"1992\" data-end=\"2049\"><span role=\"text\"><strong data-start=\"1999\" data-end=\"2049\">El desaf\u00edo de la longevidad y el costo de vida<\/strong><\/span><\/h3>\n<p data-start=\"2051\" data-end=\"2205\">El aumento de la esperanza de vida y el costo del pensionado hacen que el sistema actual resulte cada vez menos sostenible desde el punto de vista social.<\/p>\n<p data-start=\"2207\" data-end=\"2348\">Sin ajustes estructurales, el riesgo es evidente:<br data-start=\"2256\" data-end=\"2259\" \/><strong data-start=\"2262\" data-end=\"2348\">una generaci\u00f3n de envejecientes con ingresos insuficientes para vivir con dignidad<\/strong><\/p>\n<h3 data-section-id=\"41a499\" data-start=\"2355\" data-end=\"2402\"><span role=\"text\"><strong data-start=\"2362\" data-end=\"2402\">Lo que deber\u00eda garantizar la reforma<\/strong><\/span><\/h3>\n<p data-start=\"2404\" data-end=\"2470\">Para responder a esta realidad, el an\u00e1lisis plantea medidas clave:<\/p>\n<ol data-start=\"2472\" data-end=\"2819\">\n<li data-section-id=\"6ddqmf\" data-start=\"2472\" data-end=\"2553\"><strong data-start=\"2478\" data-end=\"2511\">Duplicar la tasa de reemplazo<\/strong> para trabajadores con aportes regulares<\/li>\n<li data-section-id=\"11j4o7h\" data-start=\"2554\" data-end=\"2642\"><strong data-start=\"2561\" data-end=\"2594\">Establecer una pensi\u00f3n b\u00e1sica<\/strong> para quienes no alcancen las 360 cotizaciones<\/li>\n<li data-section-id=\"9iw9g\" data-start=\"2643\" data-end=\"2753\"><strong data-start=\"2649\" data-end=\"2682\">Devolver el 50% de los fondos<\/strong> y otorgar una pensi\u00f3n solidaria a quienes coticen menos de 200 meses<\/li>\n<li data-section-id=\"1muvdiu\" data-start=\"2754\" data-end=\"2819\"><strong data-start=\"2760\" data-end=\"2817\">Garantizar seguro de salud para todos los pensionados<\/strong><\/li>\n<\/ol>\n<h3 data-section-id=\"pse6tk\" data-start=\"2826\" data-end=\"2878\"><span role=\"text\"><strong data-start=\"2832\" data-end=\"2878\">El gran vac\u00edo: los privilegios del sistema<\/strong><\/span><\/h3>\n<p data-start=\"2880\" data-end=\"3006\">A pesar de los avances, el anteproyecto <strong data-start=\"2920\" data-end=\"3005\">no elimina ni reduce las prerrogativas que generan desigualdad dentro del sistema<\/strong>.<\/p>\n<p data-start=\"3008\" data-end=\"3063\">Este punto es clave, ya que mantener estos privilegios:<\/p>\n<ul data-start=\"3065\" data-end=\"3181\">\n<li data-section-id=\"1d9xzbl\" data-start=\"3065\" data-end=\"3100\">Profundiza las brechas sociales<\/li>\n<li data-section-id=\"1jsu10u\" data-start=\"3101\" data-end=\"3141\">Limita el impacto real de la reforma<\/li>\n<li data-section-id=\"1hi5low\" data-start=\"3142\" data-end=\"3181\">Debilita la confianza en el sistema.<br \/>\n<h3 data-section-id=\"mpjar5\" data-start=\"3188\" data-end=\"3241\"><span role=\"text\"><strong data-start=\"3195\" data-end=\"3241\">Una reforma que mejora\u2026 pero no transforma<\/strong><\/span><\/h3>\n<p data-start=\"3243\" data-end=\"3342\">El proyecto avanza en aspectos t\u00e9cnicos y normativos, pero evita entrar en los temas m\u00e1s sensibles.<\/p>\n<p data-start=\"3344\" data-end=\"3441\">En t\u00e9rminos simples:<br data-start=\"3364\" data-end=\"3367\" \/><strong data-start=\"3370\" data-end=\"3441\">se fortalece el modelo, pero no se corrige su inequidad estructural<\/strong><\/p>\n<h3 data-section-id=\"130uyp8\" data-start=\"3448\" data-end=\"3491\"><span role=\"text\"><strong data-start=\"3455\" data-end=\"3491\">Lo que viene en la segunda parte<\/strong><\/span><\/h3>\n<p data-start=\"3493\" data-end=\"3659\">La pr\u00f3xima entrega abordar\u00e1 el punto m\u00e1s cr\u00edtico de la reforma:<br data-start=\"3556\" data-end=\"3559\" \/><strong data-start=\"3562\" data-end=\"3659\">los privilegios del sistema, su impacto real y qu\u00e9 cambios ser\u00edan necesarios para eliminarlos.<\/strong><\/p>\n<p><strong data-start=\"3562\" data-end=\"3659\">\u00bfCrees que el sistema actual garantizar\u00e1 tu pensi\u00f3n en el futuro? <\/strong><\/p>\n<p><strong data-start=\"3562\" data-end=\"3659\">\u00bfDebe el Estado intervenir m\u00e1s en el sistema de pensiones?<\/strong><\/li>\n<\/ul>\n","protected":false},"excerpt":{"rendered":"<p>Por Arismendi D\u00edaz Santana Republ\u00edca Dominicana . Abril\/2026.- Un sistema que avanza\u2026 pero no corrige sus fallas estructurales El anteproyecto de reforma del Sistema Dominicano<\/p>\n","protected":false},"author":1,"featured_media":2346,"comment_status":"open","ping_status":"open","sticky":false,"template":"","format":"standard","meta":{"footnotes":""},"categories":[28],"tags":[819,821,140,820],"yoast_head":"<!-- This site is optimized with the Yoast SEO plugin v22.6 - https:\/\/yoast.com\/wordpress\/plugins\/seo\/ -->\n<title>Reforma del SDSS y pensiones en RD: avances importantes, pero a\u00fan lejos de garantizar una vejez digna (1\/2) - sociedadyseguridadsocial.org<\/title>\n<meta name=\"description\" content=\"An\u00e1lisis de la propuesta de reforma del SDSS impulsada por SIPEN y SISALRIL: avances en pensiones, pero persisten desaf\u00edos en equidad y gasto de bolsillo.\" \/>\n<meta name=\"robots\" content=\"index, follow, max-snippet:-1, max-image-preview:large, max-video-preview:-1\" \/>\n<link rel=\"canonical\" href=\"https:\/\/sociedadyseguridadsocial.org\/?p=2343\" \/>\n<meta property=\"og:locale\" content=\"es_ES\" \/>\n<meta property=\"og:type\" content=\"article\" \/>\n<meta property=\"og:title\" content=\"Reforma del SDSS y pensiones en RD: avances importantes, pero a\u00fan lejos de garantizar una vejez digna (1\/2) - sociedadyseguridadsocial.org\" \/>\n<meta property=\"og:description\" content=\"An\u00e1lisis de la propuesta de reforma del SDSS impulsada por SIPEN y SISALRIL: avances en pensiones, pero persisten desaf\u00edos en equidad y gasto de bolsillo.\" \/>\n<meta property=\"og:url\" content=\"https:\/\/sociedadyseguridadsocial.org\/?p=2343\" \/>\n<meta property=\"og:site_name\" content=\"sociedadyseguridadsocial.org\" \/>\n<meta property=\"article:publisher\" content=\"https:\/\/www.facebook.com\/syseguridadsocial\" \/>\n<meta property=\"article:published_time\" content=\"2026-04-29T03:00:08+00:00\" \/>\n<meta property=\"og:image\" content=\"https:\/\/sociedadyseguridadsocial.org\/wp-content\/uploads\/2026\/04\/PHOTO-2025-09-16-22-05-10-1.jpg\" \/>\n\t<meta property=\"og:image:width\" content=\"516\" \/>\n\t<meta property=\"og:image:height\" content=\"838\" \/>\n\t<meta property=\"og:image:type\" content=\"image\/jpeg\" \/>\n<meta name=\"author\" content=\"sociedadyseguridadsocial@gmail.com\" \/>\n<meta name=\"twitter:card\" content=\"summary_large_image\" \/>\n<meta name=\"twitter:label1\" content=\"Written by\" \/>\n\t<meta name=\"twitter:data1\" content=\"sociedadyseguridadsocial@gmail.com\" \/>\n\t<meta name=\"twitter:label2\" content=\"Est. reading time\" \/>\n\t<meta name=\"twitter:data2\" content=\"3 minutos\" \/>\n<script type=\"application\/ld+json\" class=\"yoast-schema-graph\">{\"@context\":\"https:\/\/schema.org\",\"@graph\":[{\"@type\":\"Article\",\"@id\":\"https:\/\/sociedadyseguridadsocial.org\/?p=2343#article\",\"isPartOf\":{\"@id\":\"https:\/\/sociedadyseguridadsocial.org\/?p=2343\"},\"author\":{\"name\":\"sociedadyseguridadsocial@gmail.com\",\"@id\":\"https:\/\/sociedadyseguridadsocial.org\/#\/schema\/person\/45cf5223b982daeb4936c66c072575e3\"},\"headline\":\"Reforma del SDSS y pensiones en RD: avances importantes, pero a\u00fan lejos de garantizar una vejez digna (1\/2)\",\"datePublished\":\"2026-04-29T03:00:08+00:00\",\"dateModified\":\"2026-04-29T03:00:08+00:00\",\"mainEntityOfPage\":{\"@id\":\"https:\/\/sociedadyseguridadsocial.org\/?p=2343\"},\"wordCount\":498,\"commentCount\":0,\"publisher\":{\"@id\":\"https:\/\/sociedadyseguridadsocial.org\/#organization\"},\"image\":{\"@id\":\"https:\/\/sociedadyseguridadsocial.org\/?p=2343#primaryimage\"},\"thumbnailUrl\":\"https:\/\/sociedadyseguridadsocial.org\/wp-content\/uploads\/2026\/04\/PHOTO-2025-09-16-22-05-10-1.jpg\",\"keywords\":[\"Reforma SDSS\",\"Seguridad Social reforma\",\"SIPEN\",\"Sistema de Capitalizaci\u00f3n Individual RD\"],\"articleSection\":[\"LEY SS\"],\"inLanguage\":\"es-DO\",\"potentialAction\":[{\"@type\":\"CommentAction\",\"name\":\"Comment\",\"target\":[\"https:\/\/sociedadyseguridadsocial.org\/?p=2343#respond\"]}]},{\"@type\":\"WebPage\",\"@id\":\"https:\/\/sociedadyseguridadsocial.org\/?p=2343\",\"url\":\"https:\/\/sociedadyseguridadsocial.org\/?p=2343\",\"name\":\"Reforma del SDSS y pensiones en RD: avances importantes, pero a\u00fan lejos de garantizar una vejez digna (1\/2) - sociedadyseguridadsocial.org\",\"isPartOf\":{\"@id\":\"https:\/\/sociedadyseguridadsocial.org\/#website\"},\"primaryImageOfPage\":{\"@id\":\"https:\/\/sociedadyseguridadsocial.org\/?p=2343#primaryimage\"},\"image\":{\"@id\":\"https:\/\/sociedadyseguridadsocial.org\/?p=2343#primaryimage\"},\"thumbnailUrl\":\"https:\/\/sociedadyseguridadsocial.org\/wp-content\/uploads\/2026\/04\/PHOTO-2025-09-16-22-05-10-1.jpg\",\"datePublished\":\"2026-04-29T03:00:08+00:00\",\"dateModified\":\"2026-04-29T03:00:08+00:00\",\"description\":\"An\u00e1lisis de la propuesta de reforma del SDSS impulsada por SIPEN y SISALRIL: avances en pensiones, pero persisten desaf\u00edos en equidad y gasto de bolsillo.\",\"breadcrumb\":{\"@id\":\"https:\/\/sociedadyseguridadsocial.org\/?p=2343#breadcrumb\"},\"inLanguage\":\"es-DO\",\"potentialAction\":[{\"@type\":\"ReadAction\",\"target\":[\"https:\/\/sociedadyseguridadsocial.org\/?p=2343\"]}]},{\"@type\":\"ImageObject\",\"inLanguage\":\"es-DO\",\"@id\":\"https:\/\/sociedadyseguridadsocial.org\/?p=2343#primaryimage\",\"url\":\"https:\/\/sociedadyseguridadsocial.org\/wp-content\/uploads\/2026\/04\/PHOTO-2025-09-16-22-05-10-1.jpg\",\"contentUrl\":\"https:\/\/sociedadyseguridadsocial.org\/wp-content\/uploads\/2026\/04\/PHOTO-2025-09-16-22-05-10-1.jpg\",\"width\":516,\"height\":838},{\"@type\":\"BreadcrumbList\",\"@id\":\"https:\/\/sociedadyseguridadsocial.org\/?p=2343#breadcrumb\",\"itemListElement\":[{\"@type\":\"ListItem\",\"position\":1,\"name\":\"Portada\",\"item\":\"https:\/\/sociedadyseguridadsocial.org\/\"},{\"@type\":\"ListItem\",\"position\":2,\"name\":\"Reforma del SDSS y pensiones en RD: avances importantes, pero a\u00fan lejos de garantizar una vejez digna (1\/2)\"}]},{\"@type\":\"WebSite\",\"@id\":\"https:\/\/sociedadyseguridadsocial.org\/#website\",\"url\":\"https:\/\/sociedadyseguridadsocial.org\/\",\"name\":\"sociedadyseguridadsocial.org\",\"description\":\"S\u00f3lo salud, no es seguridad social.\",\"publisher\":{\"@id\":\"https:\/\/sociedadyseguridadsocial.org\/#organization\"},\"potentialAction\":[{\"@type\":\"SearchAction\",\"target\":{\"@type\":\"EntryPoint\",\"urlTemplate\":\"https:\/\/sociedadyseguridadsocial.org\/?s={search_term_string}\"},\"query-input\":\"required name=search_term_string\"}],\"inLanguage\":\"es-DO\"},{\"@type\":\"Organization\",\"@id\":\"https:\/\/sociedadyseguridadsocial.org\/#organization\",\"name\":\"sociedadyseguridadsocial.org\",\"url\":\"https:\/\/sociedadyseguridadsocial.org\/\",\"logo\":{\"@type\":\"ImageObject\",\"inLanguage\":\"es-DO\",\"@id\":\"https:\/\/sociedadyseguridadsocial.org\/#\/schema\/logo\/image\/\",\"url\":\"https:\/\/sociedadyseguridadsocial.org\/wp-content\/uploads\/2023\/03\/cropped-cropped-IMG-20230317-WA0125-1.jpg\",\"contentUrl\":\"https:\/\/sociedadyseguridadsocial.org\/wp-content\/uploads\/2023\/03\/cropped-cropped-IMG-20230317-WA0125-1.jpg\",\"width\":265,\"height\":77,\"caption\":\"sociedadyseguridadsocial.org\"},\"image\":{\"@id\":\"https:\/\/sociedadyseguridadsocial.org\/#\/schema\/logo\/image\/\"},\"sameAs\":[\"https:\/\/www.facebook.com\/syseguridadsocial\",\"https:\/\/www.instagram.com\/sociedadyseguridadsocial\/\"]},{\"@type\":\"Person\",\"@id\":\"https:\/\/sociedadyseguridadsocial.org\/#\/schema\/person\/45cf5223b982daeb4936c66c072575e3\",\"name\":\"sociedadyseguridadsocial@gmail.com\",\"image\":{\"@type\":\"ImageObject\",\"inLanguage\":\"es-DO\",\"@id\":\"https:\/\/sociedadyseguridadsocial.org\/#\/schema\/person\/image\/\",\"url\":\"https:\/\/secure.gravatar.com\/avatar\/d0c387d833f1414553de50fe7294ab4c?s=96&d=mm&r=g\",\"contentUrl\":\"https:\/\/secure.gravatar.com\/avatar\/d0c387d833f1414553de50fe7294ab4c?s=96&d=mm&r=g\",\"caption\":\"sociedadyseguridadsocial@gmail.com\"},\"sameAs\":[\"http:\/\/sociedadyseguridadsocial.org\"],\"url\":\"https:\/\/sociedadyseguridadsocial.org\/?author=1\"}]}<\/script>\n<!-- \/ Yoast SEO plugin. -->","yoast_head_json":{"title":"Reforma del SDSS y pensiones en RD: avances importantes, pero a\u00fan lejos de garantizar una vejez digna (1\/2) - sociedadyseguridadsocial.org","description":"An\u00e1lisis de la propuesta de reforma del SDSS impulsada por SIPEN y SISALRIL: avances en pensiones, pero persisten desaf\u00edos en equidad y gasto de bolsillo.","robots":{"index":"index","follow":"follow","max-snippet":"max-snippet:-1","max-image-preview":"max-image-preview:large","max-video-preview":"max-video-preview:-1"},"canonical":"https:\/\/sociedadyseguridadsocial.org\/?p=2343","og_locale":"es_ES","og_type":"article","og_title":"Reforma del SDSS y pensiones en RD: avances importantes, pero a\u00fan lejos de garantizar una vejez digna (1\/2) - sociedadyseguridadsocial.org","og_description":"An\u00e1lisis de la propuesta de reforma del SDSS impulsada por SIPEN y SISALRIL: avances en pensiones, pero persisten desaf\u00edos en equidad y gasto de bolsillo.","og_url":"https:\/\/sociedadyseguridadsocial.org\/?p=2343","og_site_name":"sociedadyseguridadsocial.org","article_publisher":"https:\/\/www.facebook.com\/syseguridadsocial","article_published_time":"2026-04-29T03:00:08+00:00","og_image":[{"width":516,"height":838,"url":"https:\/\/sociedadyseguridadsocial.org\/wp-content\/uploads\/2026\/04\/PHOTO-2025-09-16-22-05-10-1.jpg","type":"image\/jpeg"}],"author":"sociedadyseguridadsocial@gmail.com","twitter_card":"summary_large_image","twitter_misc":{"Written by":"sociedadyseguridadsocial@gmail.com","Est. reading time":"3 minutos"},"schema":{"@context":"https:\/\/schema.org","@graph":[{"@type":"Article","@id":"https:\/\/sociedadyseguridadsocial.org\/?p=2343#article","isPartOf":{"@id":"https:\/\/sociedadyseguridadsocial.org\/?p=2343"},"author":{"name":"sociedadyseguridadsocial@gmail.com","@id":"https:\/\/sociedadyseguridadsocial.org\/#\/schema\/person\/45cf5223b982daeb4936c66c072575e3"},"headline":"Reforma del SDSS y pensiones en RD: avances importantes, pero a\u00fan lejos de garantizar una vejez digna (1\/2)","datePublished":"2026-04-29T03:00:08+00:00","dateModified":"2026-04-29T03:00:08+00:00","mainEntityOfPage":{"@id":"https:\/\/sociedadyseguridadsocial.org\/?p=2343"},"wordCount":498,"commentCount":0,"publisher":{"@id":"https:\/\/sociedadyseguridadsocial.org\/#organization"},"image":{"@id":"https:\/\/sociedadyseguridadsocial.org\/?p=2343#primaryimage"},"thumbnailUrl":"https:\/\/sociedadyseguridadsocial.org\/wp-content\/uploads\/2026\/04\/PHOTO-2025-09-16-22-05-10-1.jpg","keywords":["Reforma SDSS","Seguridad Social reforma","SIPEN","Sistema de Capitalizaci\u00f3n Individual RD"],"articleSection":["LEY SS"],"inLanguage":"es-DO","potentialAction":[{"@type":"CommentAction","name":"Comment","target":["https:\/\/sociedadyseguridadsocial.org\/?p=2343#respond"]}]},{"@type":"WebPage","@id":"https:\/\/sociedadyseguridadsocial.org\/?p=2343","url":"https:\/\/sociedadyseguridadsocial.org\/?p=2343","name":"Reforma del SDSS y pensiones en RD: avances importantes, pero a\u00fan lejos de garantizar una vejez digna (1\/2) - sociedadyseguridadsocial.org","isPartOf":{"@id":"https:\/\/sociedadyseguridadsocial.org\/#website"},"primaryImageOfPage":{"@id":"https:\/\/sociedadyseguridadsocial.org\/?p=2343#primaryimage"},"image":{"@id":"https:\/\/sociedadyseguridadsocial.org\/?p=2343#primaryimage"},"thumbnailUrl":"https:\/\/sociedadyseguridadsocial.org\/wp-content\/uploads\/2026\/04\/PHOTO-2025-09-16-22-05-10-1.jpg","datePublished":"2026-04-29T03:00:08+00:00","dateModified":"2026-04-29T03:00:08+00:00","description":"An\u00e1lisis de la propuesta de reforma del SDSS impulsada por SIPEN y SISALRIL: avances en pensiones, pero persisten desaf\u00edos en equidad y gasto de bolsillo.","breadcrumb":{"@id":"https:\/\/sociedadyseguridadsocial.org\/?p=2343#breadcrumb"},"inLanguage":"es-DO","potentialAction":[{"@type":"ReadAction","target":["https:\/\/sociedadyseguridadsocial.org\/?p=2343"]}]},{"@type":"ImageObject","inLanguage":"es-DO","@id":"https:\/\/sociedadyseguridadsocial.org\/?p=2343#primaryimage","url":"https:\/\/sociedadyseguridadsocial.org\/wp-content\/uploads\/2026\/04\/PHOTO-2025-09-16-22-05-10-1.jpg","contentUrl":"https:\/\/sociedadyseguridadsocial.org\/wp-content\/uploads\/2026\/04\/PHOTO-2025-09-16-22-05-10-1.jpg","width":516,"height":838},{"@type":"BreadcrumbList","@id":"https:\/\/sociedadyseguridadsocial.org\/?p=2343#breadcrumb","itemListElement":[{"@type":"ListItem","position":1,"name":"Portada","item":"https:\/\/sociedadyseguridadsocial.org\/"},{"@type":"ListItem","position":2,"name":"Reforma del SDSS y pensiones en RD: avances importantes, pero a\u00fan lejos de garantizar una vejez digna (1\/2)"}]},{"@type":"WebSite","@id":"https:\/\/sociedadyseguridadsocial.org\/#website","url":"https:\/\/sociedadyseguridadsocial.org\/","name":"sociedadyseguridadsocial.org","description":"S\u00f3lo salud, no es seguridad social.","publisher":{"@id":"https:\/\/sociedadyseguridadsocial.org\/#organization"},"potentialAction":[{"@type":"SearchAction","target":{"@type":"EntryPoint","urlTemplate":"https:\/\/sociedadyseguridadsocial.org\/?s={search_term_string}"},"query-input":"required name=search_term_string"}],"inLanguage":"es-DO"},{"@type":"Organization","@id":"https:\/\/sociedadyseguridadsocial.org\/#organization","name":"sociedadyseguridadsocial.org","url":"https:\/\/sociedadyseguridadsocial.org\/","logo":{"@type":"ImageObject","inLanguage":"es-DO","@id":"https:\/\/sociedadyseguridadsocial.org\/#\/schema\/logo\/image\/","url":"https:\/\/sociedadyseguridadsocial.org\/wp-content\/uploads\/2023\/03\/cropped-cropped-IMG-20230317-WA0125-1.jpg","contentUrl":"https:\/\/sociedadyseguridadsocial.org\/wp-content\/uploads\/2023\/03\/cropped-cropped-IMG-20230317-WA0125-1.jpg","width":265,"height":77,"caption":"sociedadyseguridadsocial.org"},"image":{"@id":"https:\/\/sociedadyseguridadsocial.org\/#\/schema\/logo\/image\/"},"sameAs":["https:\/\/www.facebook.com\/syseguridadsocial","https:\/\/www.instagram.com\/sociedadyseguridadsocial\/"]},{"@type":"Person","@id":"https:\/\/sociedadyseguridadsocial.org\/#\/schema\/person\/45cf5223b982daeb4936c66c072575e3","name":"sociedadyseguridadsocial@gmail.com","image":{"@type":"ImageObject","inLanguage":"es-DO","@id":"https:\/\/sociedadyseguridadsocial.org\/#\/schema\/person\/image\/","url":"https:\/\/secure.gravatar.com\/avatar\/d0c387d833f1414553de50fe7294ab4c?s=96&d=mm&r=g","contentUrl":"https:\/\/secure.gravatar.com\/avatar\/d0c387d833f1414553de50fe7294ab4c?s=96&d=mm&r=g","caption":"sociedadyseguridadsocial@gmail.com"},"sameAs":["http:\/\/sociedadyseguridadsocial.org"],"url":"https:\/\/sociedadyseguridadsocial.org\/?author=1"}]}},"_links":{"self":[{"href":"https:\/\/sociedadyseguridadsocial.org\/index.php?rest_route=\/wp\/v2\/posts\/2343"}],"collection":[{"href":"https:\/\/sociedadyseguridadsocial.org\/index.php?rest_route=\/wp\/v2\/posts"}],"about":[{"href":"https:\/\/sociedadyseguridadsocial.org\/index.php?rest_route=\/wp\/v2\/types\/post"}],"author":[{"embeddable":true,"href":"https:\/\/sociedadyseguridadsocial.org\/index.php?rest_route=\/wp\/v2\/users\/1"}],"replies":[{"embeddable":true,"href":"https:\/\/sociedadyseguridadsocial.org\/index.php?rest_route=%2Fwp%2Fv2%2Fcomments&post=2343"}],"version-history":[{"count":2,"href":"https:\/\/sociedadyseguridadsocial.org\/index.php?rest_route=\/wp\/v2\/posts\/2343\/revisions"}],"predecessor-version":[{"id":2347,"href":"https:\/\/sociedadyseguridadsocial.org\/index.php?rest_route=\/wp\/v2\/posts\/2343\/revisions\/2347"}],"wp:featuredmedia":[{"embeddable":true,"href":"https:\/\/sociedadyseguridadsocial.org\/index.php?rest_route=\/wp\/v2\/media\/2346"}],"wp:attachment":[{"href":"https:\/\/sociedadyseguridadsocial.org\/index.php?rest_route=%2Fwp%2Fv2%2Fmedia&parent=2343"}],"wp:term":[{"taxonomy":"category","embeddable":true,"href":"https:\/\/sociedadyseguridadsocial.org\/index.php?rest_route=%2Fwp%2Fv2%2Fcategories&post=2343"},{"taxonomy":"post_tag","embeddable":true,"href":"https:\/\/sociedadyseguridadsocial.org\/index.php?rest_route=%2Fwp%2Fv2%2Ftags&post=2343"}],"curies":[{"name":"wp","href":"https:\/\/api.w.org\/{rel}","templated":true}]}}