{"id":854,"date":"2023-03-18T11:46:41","date_gmt":"2023-03-18T11:46:41","guid":{"rendered":"https:\/\/sociedadyseguridadsocial.org\/?p=854"},"modified":"2023-04-11T18:56:11","modified_gmt":"2023-04-11T18:56:11","slug":"enfermedades-raras-afectan-a-350-millones-de-personas-en-el-mundo","status":"publish","type":"post","link":"https:\/\/sociedadyseguridadsocial.org\/?p=854","title":{"rendered":"Enfermedades Raras afectan a 350 millones de personas en el mundo"},"content":{"rendered":"<p><span data-keep-original-tag=\"false\" data-original-attrs=\"{&quot;style&quot;:&quot;&quot;,&quot;face&quot;:&quot;verdana, sans-serif&quot;}\">Rep\u00fablica Dominicana, 10 \/ Marzo \/ 2020.<\/span><\/p>\n<div data-original-attrs=\"{&quot;style&quot;:&quot;&quot;}\"><span data-keep-original-tag=\"false\" data-original-attrs=\"{&quot;style&quot;:&quot;&quot;,&quot;face&quot;:&quot;\\&quot;verdana\\&quot; , sans-serif&quot;}\">Para que una enfermedad sea considerada rara, debe tener una frecuencia en menos de 1 persona por cada 2000 habitantes y se estima que en el mundo hay m\u00e1s de 7 mil de estas patolog\u00edas, de las cuales, el 75% corresponde a ni\u00f1os ( La mayor\u00eda de los casos aparecen en la edad pedi\u00e1trica). De acuerdo con datos del Instituto Roche, entre el 6% y el 8% de la poblaci\u00f3n mundial tiene alguna enfermedad rara, es decir, unas 350 millones de personas. Alrededor<\/span><\/div>\n<div data-original-attrs=\"{&quot;style&quot;:&quot;&quot;}\"><span data-keep-original-tag=\"false\" data-original-attrs=\"{&quot;style&quot;:&quot;&quot;,&quot;face&quot;:&quot;\\&quot;verdana\\&quot; , sans-serif&quot;}\">del 80% de las enfermedades raras son de origen gen\u00e9tico.<\/span><\/div>\n<div data-original-attrs=\"{&quot;style&quot;:&quot;&quot;}\"><span data-keep-original-tag=\"false\" data-original-attrs=\"{&quot;style&quot;:&quot;&quot;,&quot;face&quot;:&quot;\\&quot;verdana\\&quot; , sans-serif&quot;}\">\u00a0<\/span><\/div>\n<div data-original-attrs=\"{&quot;style&quot;:&quot;&quot;}\"><span data-keep-original-tag=\"false\" data-original-attrs=\"{&quot;style&quot;:&quot;&quot;,&quot;face&quot;:&quot;\\&quot;verdana\\&quot; , sans-serif&quot;}\"><span style=\"color: #0000ff;\" data-keep-original-tag=\"false\" data-original-attrs=\"{&quot;style&quot;:&quot;&quot;}\">La conmemoraci\u00f3n del D\u00eda Mundial de las Enfermedades Raras (El \u00faltimo d\u00eda de febrero) <\/span>tiene el objetivo de hacer un llamado a la ciudadan\u00eda para conocer sobre la realidad de estas enfermedades, no solo en el pa\u00eds sino tambi\u00e9n internacionalmente; dar visibilidad a estas patolog\u00edas dentro de los sistemas de salud p\u00fablica y proponer soluciones que mejoren la calidad de vida de los pacientes; concientizar sobre el impacto psicol\u00f3gico y econ\u00f3mico en su n\u00facleo familiar; e invitar a los diversos actores de la sociedad a asumir el compromiso de ser generadores de conciencia<\/span><\/div>\n<div data-original-attrs=\"{&quot;style&quot;:&quot;&quot;}\"><span data-keep-original-tag=\"false\" data-original-attrs=\"{&quot;style&quot;:&quot;&quot;,&quot;face&quot;:&quot;\\&quot;verdana\\&quot; , sans-serif&quot;}\">\u00a0<\/span><\/div>\n<div data-original-attrs=\"{&quot;style&quot;:&quot;&quot;}\"><span data-keep-original-tag=\"false\" data-original-attrs=\"{&quot;style&quot;:&quot;&quot;,&quot;face&quot;:&quot;\\&quot;verdana\\&quot; , sans-serif&quot;}\">De las 7 mil enfermedades raras que existen, solo 200 cuentan con tratamiento, seg\u00fan la Federaci\u00f3n Espa\u00f1ola de Enfermedades Raras, siendo los ni\u00f1os los m\u00e1s vulnerables al representar el 75% de los casos con una tasa de mortalidad del 30% antes de cumplir cinco a\u00f1os.<\/span><\/div>\n<div data-original-attrs=\"{&quot;style&quot;:&quot;&quot;}\"><span data-keep-original-tag=\"false\" data-original-attrs=\"{&quot;style&quot;:&quot;&quot;,&quot;face&quot;:&quot;\\&quot;verdana\\&quot; , sans-serif&quot;}\">\u00a0<\/span><\/div>\n<div data-original-attrs=\"{&quot;style&quot;:&quot;&quot;}\"><span data-keep-original-tag=\"false\" data-original-attrs=\"{&quot;style&quot;:&quot;&quot;,&quot;face&quot;:&quot;\\&quot;verdana\\&quot; , sans-serif&quot;}\">De acuerdo con la directora m\u00e9dica de Roche Centroam\u00e9rica y Caribe, la Dra. Mar\u00eda Clara Horsburgh, \u201clas enfermedades raras se caracterizan por tener una amplia diversidad de des\u00f3rdenes y s\u00edntomas que var\u00edan no solo de enfermedad en enfermedad, si no de paciente en paciente que sufre una misma enfermedad\u201d.\u00a0<\/span><\/div>\n<div data-original-attrs=\"{&quot;style&quot;:&quot;&quot;}\"><span data-keep-original-tag=\"false\" data-original-attrs=\"{&quot;style&quot;:&quot;&quot;,&quot;face&quot;:&quot;\\&quot;verdana\\&quot; , sans-serif&quot;}\">\u00a0<\/span><\/div>\n<div data-original-attrs=\"{&quot;style&quot;:&quot;&quot;}\"><span data-keep-original-tag=\"false\" data-original-attrs=\"{&quot;style&quot;:&quot;&quot;,&quot;face&quot;:&quot;\\&quot;verdana\\&quot; , sans-serif&quot;}\">Al ser patolog\u00edas de tan baja incidencia son muy poco conocidas, haciendo que la investigaci\u00f3n, diagn\u00f3stico y tratamiento sean un desaf\u00edo para los sistemas de salud y la sociedad en general.<\/span><\/div>\n<div data-original-attrs=\"{&quot;style&quot;:&quot;&quot;}\"><span data-keep-original-tag=\"false\" data-original-attrs=\"{&quot;style&quot;:&quot;&quot;,&quot;face&quot;:&quot;\\&quot;verdana\\&quot; , sans-serif&quot;}\">\u00a0<\/span><\/div>\n<div data-original-attrs=\"{&quot;style&quot;:&quot;&quot;}\"><span data-keep-original-tag=\"false\" data-original-attrs=\"{&quot;style&quot;:&quot;&quot;,&quot;face&quot;:&quot;\\&quot;verdana\\&quot; , sans-serif&quot;}\">Que un paciente sea diagnosticado correctamente puede tardar hasta cinco a\u00f1os y, en uno de cada cinco pacientes, el plazo puede extenderse hasta diez a\u00f1os, ya que al ser patolog\u00edas de tan baja incidencia son muy poco conocidas, haciendo que la investigaci\u00f3n, diagn\u00f3stico y tratamiento sean un desaf\u00edo para los sistemas de salud y la sociedad en general.<\/span><\/div>\n<div data-original-attrs=\"{&quot;style&quot;:&quot;&quot;}\"><span data-keep-original-tag=\"false\" data-original-attrs=\"{&quot;style&quot;:&quot;&quot;,&quot;face&quot;:&quot;\\&quot;verdana\\&quot; , sans-serif&quot;}\">\u00a0<\/span><\/div>\n<div data-original-attrs=\"{&quot;style&quot;:&quot;&quot;}\"><span data-keep-original-tag=\"false\" data-original-attrs=\"{&quot;style&quot;:&quot;&quot;,&quot;face&quot;:&quot;\\&quot;verdana\\&quot; , sans-serif&quot;}\"><span style=\"color: #0000ff;\" data-keep-original-tag=\"false\" data-original-attrs=\"{&quot;style&quot;:&quot;&quot;}\">Algunas enfermedades raras son<\/span>\u00a0la Hipertensi\u00f3n Pulmonar, que genera dificultad respiratoria durante una actividad com\u00fan y rutinaria, coloraci\u00f3n azulada de los labios y la piel y presi\u00f3n en el pecho; la Atrofia Muscular Espinal, caracterizada por provocar debilitamiento de los m\u00fasculos; la enfermedad de Huntington, que afecta el comportamiento, movimiento y habilidad para pensar; Pompe, que causa debilidad muscular originando insuficiencia cardiaca, motora y respiratoria; entre muchas otras.<\/span><\/div>\n<div data-original-attrs=\"{&quot;style&quot;:&quot;&quot;}\"><span data-keep-original-tag=\"false\" data-original-attrs=\"{&quot;style&quot;:&quot;&quot;,&quot;face&quot;:&quot;\\&quot;verdana\\&quot; , sans-serif&quot;}\">\u00a0<\/span><\/div>\n<div data-original-attrs=\"{&quot;style&quot;:&quot;&quot;}\"><span data-keep-original-tag=\"false\" data-original-attrs=\"{&quot;style&quot;:&quot;&quot;,&quot;face&quot;:&quot;\\&quot;verdana\\&quot; , sans-serif&quot;}\">En el mundo, m\u00e1s del 70% de los pacientes de enfermedades raras posee un certificado de discapacidad, 37% ha tenido que reducir su jornada laboral y un 41% dice haber perdido oportunidades laborales, debido a los s\u00edntomas y condiciones de los distintos padecimientos; incluso, hay miembros de los n\u00facleos familiares que se han visto obligados a renunciar a sus trabajos para cuidar del paciente, causando un impacto econ\u00f3mico a lo interno de los hogares.<\/span><\/div>\n<div data-original-attrs=\"{&quot;style&quot;:&quot;&quot;}\"><span data-keep-original-tag=\"false\" data-original-attrs=\"{&quot;style&quot;:&quot;&quot;,&quot;face&quot;:&quot;\\&quot;verdana\\&quot; , sans-serif&quot;}\">\u00a0<\/span><\/div>\n<div data-original-attrs=\"{&quot;style&quot;:&quot;&quot;}\"><span data-keep-original-tag=\"false\" data-original-attrs=\"{&quot;style&quot;:&quot;&quot;,&quot;face&quot;:&quot;\\&quot;verdana\\&quot; , sans-serif&quot;}\">El promedio de cuido semanal de un paciente es de 48 horas, por lo que necesitan apoyo integral que incluya el aspecto psicol\u00f3gico y emocional, informaci\u00f3n sobre el curso y manejo de la enfermedad, y la respectiva orientaci\u00f3n de los sistemas de salud.<\/span><\/div>\n<div data-original-attrs=\"{&quot;style&quot;:&quot;&quot;}\"><span data-keep-original-tag=\"false\" data-original-attrs=\"{&quot;style&quot;:&quot;&quot;,&quot;face&quot;:&quot;\\&quot;verdana\\&quot; , sans-serif&quot;}\">\u00a0<\/span><\/div>\n<div data-original-attrs=\"{&quot;style&quot;:&quot;&quot;}\"><span data-keep-original-tag=\"false\" data-original-attrs=\"{&quot;style&quot;:&quot;&quot;,&quot;face&quot;:&quot;\\&quot;verdana\\&quot; , sans-serif&quot;}\">\u201cEl objetivo de conmemorar el D\u00eda Mundial de las Enfermedades Raras es concientizar a la poblaci\u00f3n sobre estas patolog\u00edas, dar a conocer qu\u00e9 son y cu\u00e1l es el impacto que \u00e9stas generan en los pacientes y sus familias. De igual forma, visibilizar los retos que tienen los diversos sistemas de salud en el mundo en cuanto a la investigaci\u00f3n, atenci\u00f3n sanitaria integral, diagn\u00f3stico, programas espec\u00edficos, cuidados personalizados y tratamiento de los padecimientos\u201d, concluy\u00f3 la Dra. Horsburgh.<\/span><\/div>\n","protected":false},"excerpt":{"rendered":"<p>Rep\u00fablica Dominicana, 10 \/ Marzo \/ 2020. Para que una enfermedad sea considerada rara, debe tener una frecuencia en menos de 1 persona por cada<\/p>\n","protected":false},"author":1,"featured_media":855,"comment_status":"open","ping_status":"open","sticky":false,"template":"","format":"standard","meta":{"footnotes":""},"categories":[34,29],"tags":[],"yoast_head":"<!-- This site is optimized with the Yoast SEO plugin v22.6 - https:\/\/yoast.com\/wordpress\/plugins\/seo\/ -->\n<title>Enfermedades Raras afectan a 350 millones de personas en el mundo - sociedadyseguridadsocial.org<\/title>\n<meta name=\"robots\" content=\"index, follow, max-snippet:-1, max-image-preview:large, max-video-preview:-1\" \/>\n<link rel=\"canonical\" href=\"https:\/\/sociedadyseguridadsocial.org\/?p=854\" \/>\n<meta property=\"og:locale\" content=\"es_ES\" \/>\n<meta property=\"og:type\" content=\"article\" \/>\n<meta property=\"og:title\" content=\"Enfermedades Raras afectan a 350 millones de personas en el mundo - sociedadyseguridadsocial.org\" \/>\n<meta property=\"og:description\" content=\"Rep\u00fablica Dominicana, 10 \/ Marzo \/ 2020. Para que una enfermedad sea considerada rara, debe tener una frecuencia en menos de 1 persona por cada\" \/>\n<meta property=\"og:url\" content=\"https:\/\/sociedadyseguridadsocial.org\/?p=854\" \/>\n<meta property=\"og:site_name\" content=\"sociedadyseguridadsocial.org\" \/>\n<meta property=\"article:publisher\" content=\"https:\/\/www.facebook.com\/syseguridadsocial\" \/>\n<meta property=\"article:published_time\" content=\"2023-03-18T11:46:41+00:00\" \/>\n<meta property=\"article:modified_time\" content=\"2023-04-11T18:56:11+00:00\" \/>\n<meta property=\"og:image\" content=\"https:\/\/sociedadyseguridadsocial.org\/wp-content\/uploads\/2023\/03\/enfermedades-rara.jpg\" \/>\n\t<meta property=\"og:image:width\" content=\"640\" \/>\n\t<meta property=\"og:image:height\" content=\"388\" \/>\n\t<meta property=\"og:image:type\" content=\"image\/jpeg\" \/>\n<meta name=\"author\" content=\"sociedadyseguridadsocial@gmail.com\" \/>\n<meta name=\"twitter:card\" content=\"summary_large_image\" \/>\n<meta name=\"twitter:label1\" content=\"Written by\" \/>\n\t<meta name=\"twitter:data1\" content=\"sociedadyseguridadsocial@gmail.com\" \/>\n\t<meta name=\"twitter:label2\" content=\"Est. reading time\" \/>\n\t<meta name=\"twitter:data2\" content=\"3 minutos\" \/>\n<script type=\"application\/ld+json\" class=\"yoast-schema-graph\">{\"@context\":\"https:\/\/schema.org\",\"@graph\":[{\"@type\":\"Article\",\"@id\":\"https:\/\/sociedadyseguridadsocial.org\/?p=854#article\",\"isPartOf\":{\"@id\":\"https:\/\/sociedadyseguridadsocial.org\/?p=854\"},\"author\":{\"name\":\"sociedadyseguridadsocial@gmail.com\",\"@id\":\"https:\/\/sociedadyseguridadsocial.org\/#\/schema\/person\/45cf5223b982daeb4936c66c072575e3\"},\"headline\":\"Enfermedades Raras afectan a 350 millones de personas en el mundo\",\"datePublished\":\"2023-03-18T11:46:41+00:00\",\"dateModified\":\"2023-04-11T18:56:11+00:00\",\"mainEntityOfPage\":{\"@id\":\"https:\/\/sociedadyseguridadsocial.org\/?p=854\"},\"wordCount\":687,\"commentCount\":0,\"publisher\":{\"@id\":\"https:\/\/sociedadyseguridadsocial.org\/#organization\"},\"image\":{\"@id\":\"https:\/\/sociedadyseguridadsocial.org\/?p=854#primaryimage\"},\"thumbnailUrl\":\"https:\/\/sociedadyseguridadsocial.org\/wp-content\/uploads\/2023\/03\/enfermedades-rara.jpg\",\"articleSection\":[\"FARMACE\u00daTICAS\",\"SALUD\"],\"inLanguage\":\"es-DO\",\"potentialAction\":[{\"@type\":\"CommentAction\",\"name\":\"Comment\",\"target\":[\"https:\/\/sociedadyseguridadsocial.org\/?p=854#respond\"]}]},{\"@type\":\"WebPage\",\"@id\":\"https:\/\/sociedadyseguridadsocial.org\/?p=854\",\"url\":\"https:\/\/sociedadyseguridadsocial.org\/?p=854\",\"name\":\"Enfermedades Raras afectan a 350 millones de personas en el mundo - sociedadyseguridadsocial.org\",\"isPartOf\":{\"@id\":\"https:\/\/sociedadyseguridadsocial.org\/#website\"},\"primaryImageOfPage\":{\"@id\":\"https:\/\/sociedadyseguridadsocial.org\/?p=854#primaryimage\"},\"image\":{\"@id\":\"https:\/\/sociedadyseguridadsocial.org\/?p=854#primaryimage\"},\"thumbnailUrl\":\"https:\/\/sociedadyseguridadsocial.org\/wp-content\/uploads\/2023\/03\/enfermedades-rara.jpg\",\"datePublished\":\"2023-03-18T11:46:41+00:00\",\"dateModified\":\"2023-04-11T18:56:11+00:00\",\"breadcrumb\":{\"@id\":\"https:\/\/sociedadyseguridadsocial.org\/?p=854#breadcrumb\"},\"inLanguage\":\"es-DO\",\"potentialAction\":[{\"@type\":\"ReadAction\",\"target\":[\"https:\/\/sociedadyseguridadsocial.org\/?p=854\"]}]},{\"@type\":\"ImageObject\",\"inLanguage\":\"es-DO\",\"@id\":\"https:\/\/sociedadyseguridadsocial.org\/?p=854#primaryimage\",\"url\":\"https:\/\/sociedadyseguridadsocial.org\/wp-content\/uploads\/2023\/03\/enfermedades-rara.jpg\",\"contentUrl\":\"https:\/\/sociedadyseguridadsocial.org\/wp-content\/uploads\/2023\/03\/enfermedades-rara.jpg\",\"width\":640,\"height\":388},{\"@type\":\"BreadcrumbList\",\"@id\":\"https:\/\/sociedadyseguridadsocial.org\/?p=854#breadcrumb\",\"itemListElement\":[{\"@type\":\"ListItem\",\"position\":1,\"name\":\"Portada\",\"item\":\"https:\/\/sociedadyseguridadsocial.org\/\"},{\"@type\":\"ListItem\",\"position\":2,\"name\":\"Enfermedades Raras afectan a 350 millones de personas en el mundo\"}]},{\"@type\":\"WebSite\",\"@id\":\"https:\/\/sociedadyseguridadsocial.org\/#website\",\"url\":\"https:\/\/sociedadyseguridadsocial.org\/\",\"name\":\"sociedadyseguridadsocial.org\",\"description\":\"S\u00f3lo salud, no es seguridad social.\",\"publisher\":{\"@id\":\"https:\/\/sociedadyseguridadsocial.org\/#organization\"},\"potentialAction\":[{\"@type\":\"SearchAction\",\"target\":{\"@type\":\"EntryPoint\",\"urlTemplate\":\"https:\/\/sociedadyseguridadsocial.org\/?s={search_term_string}\"},\"query-input\":\"required name=search_term_string\"}],\"inLanguage\":\"es-DO\"},{\"@type\":\"Organization\",\"@id\":\"https:\/\/sociedadyseguridadsocial.org\/#organization\",\"name\":\"sociedadyseguridadsocial.org\",\"url\":\"https:\/\/sociedadyseguridadsocial.org\/\",\"logo\":{\"@type\":\"ImageObject\",\"inLanguage\":\"es-DO\",\"@id\":\"https:\/\/sociedadyseguridadsocial.org\/#\/schema\/logo\/image\/\",\"url\":\"https:\/\/sociedadyseguridadsocial.org\/wp-content\/uploads\/2023\/03\/cropped-cropped-IMG-20230317-WA0125-1.jpg\",\"contentUrl\":\"https:\/\/sociedadyseguridadsocial.org\/wp-content\/uploads\/2023\/03\/cropped-cropped-IMG-20230317-WA0125-1.jpg\",\"width\":265,\"height\":77,\"caption\":\"sociedadyseguridadsocial.org\"},\"image\":{\"@id\":\"https:\/\/sociedadyseguridadsocial.org\/#\/schema\/logo\/image\/\"},\"sameAs\":[\"https:\/\/www.facebook.com\/syseguridadsocial\",\"https:\/\/www.instagram.com\/sociedadyseguridadsocial\/\"]},{\"@type\":\"Person\",\"@id\":\"https:\/\/sociedadyseguridadsocial.org\/#\/schema\/person\/45cf5223b982daeb4936c66c072575e3\",\"name\":\"sociedadyseguridadsocial@gmail.com\",\"image\":{\"@type\":\"ImageObject\",\"inLanguage\":\"es-DO\",\"@id\":\"https:\/\/sociedadyseguridadsocial.org\/#\/schema\/person\/image\/\",\"url\":\"https:\/\/secure.gravatar.com\/avatar\/d0c387d833f1414553de50fe7294ab4c?s=96&d=mm&r=g\",\"contentUrl\":\"https:\/\/secure.gravatar.com\/avatar\/d0c387d833f1414553de50fe7294ab4c?s=96&d=mm&r=g\",\"caption\":\"sociedadyseguridadsocial@gmail.com\"},\"sameAs\":[\"http:\/\/sociedadyseguridadsocial.org\"],\"url\":\"https:\/\/sociedadyseguridadsocial.org\/?author=1\"}]}<\/script>\n<!-- \/ Yoast SEO plugin. -->","yoast_head_json":{"title":"Enfermedades Raras afectan a 350 millones de personas en el mundo - sociedadyseguridadsocial.org","robots":{"index":"index","follow":"follow","max-snippet":"max-snippet:-1","max-image-preview":"max-image-preview:large","max-video-preview":"max-video-preview:-1"},"canonical":"https:\/\/sociedadyseguridadsocial.org\/?p=854","og_locale":"es_ES","og_type":"article","og_title":"Enfermedades Raras afectan a 350 millones de personas en el mundo - sociedadyseguridadsocial.org","og_description":"Rep\u00fablica Dominicana, 10 \/ Marzo \/ 2020. Para que una enfermedad sea considerada rara, debe tener una frecuencia en menos de 1 persona por cada","og_url":"https:\/\/sociedadyseguridadsocial.org\/?p=854","og_site_name":"sociedadyseguridadsocial.org","article_publisher":"https:\/\/www.facebook.com\/syseguridadsocial","article_published_time":"2023-03-18T11:46:41+00:00","article_modified_time":"2023-04-11T18:56:11+00:00","og_image":[{"width":640,"height":388,"url":"https:\/\/sociedadyseguridadsocial.org\/wp-content\/uploads\/2023\/03\/enfermedades-rara.jpg","type":"image\/jpeg"}],"author":"sociedadyseguridadsocial@gmail.com","twitter_card":"summary_large_image","twitter_misc":{"Written by":"sociedadyseguridadsocial@gmail.com","Est. reading time":"3 minutos"},"schema":{"@context":"https:\/\/schema.org","@graph":[{"@type":"Article","@id":"https:\/\/sociedadyseguridadsocial.org\/?p=854#article","isPartOf":{"@id":"https:\/\/sociedadyseguridadsocial.org\/?p=854"},"author":{"name":"sociedadyseguridadsocial@gmail.com","@id":"https:\/\/sociedadyseguridadsocial.org\/#\/schema\/person\/45cf5223b982daeb4936c66c072575e3"},"headline":"Enfermedades Raras afectan a 350 millones de personas en el mundo","datePublished":"2023-03-18T11:46:41+00:00","dateModified":"2023-04-11T18:56:11+00:00","mainEntityOfPage":{"@id":"https:\/\/sociedadyseguridadsocial.org\/?p=854"},"wordCount":687,"commentCount":0,"publisher":{"@id":"https:\/\/sociedadyseguridadsocial.org\/#organization"},"image":{"@id":"https:\/\/sociedadyseguridadsocial.org\/?p=854#primaryimage"},"thumbnailUrl":"https:\/\/sociedadyseguridadsocial.org\/wp-content\/uploads\/2023\/03\/enfermedades-rara.jpg","articleSection":["FARMACE\u00daTICAS","SALUD"],"inLanguage":"es-DO","potentialAction":[{"@type":"CommentAction","name":"Comment","target":["https:\/\/sociedadyseguridadsocial.org\/?p=854#respond"]}]},{"@type":"WebPage","@id":"https:\/\/sociedadyseguridadsocial.org\/?p=854","url":"https:\/\/sociedadyseguridadsocial.org\/?p=854","name":"Enfermedades Raras afectan a 350 millones de personas en el mundo - sociedadyseguridadsocial.org","isPartOf":{"@id":"https:\/\/sociedadyseguridadsocial.org\/#website"},"primaryImageOfPage":{"@id":"https:\/\/sociedadyseguridadsocial.org\/?p=854#primaryimage"},"image":{"@id":"https:\/\/sociedadyseguridadsocial.org\/?p=854#primaryimage"},"thumbnailUrl":"https:\/\/sociedadyseguridadsocial.org\/wp-content\/uploads\/2023\/03\/enfermedades-rara.jpg","datePublished":"2023-03-18T11:46:41+00:00","dateModified":"2023-04-11T18:56:11+00:00","breadcrumb":{"@id":"https:\/\/sociedadyseguridadsocial.org\/?p=854#breadcrumb"},"inLanguage":"es-DO","potentialAction":[{"@type":"ReadAction","target":["https:\/\/sociedadyseguridadsocial.org\/?p=854"]}]},{"@type":"ImageObject","inLanguage":"es-DO","@id":"https:\/\/sociedadyseguridadsocial.org\/?p=854#primaryimage","url":"https:\/\/sociedadyseguridadsocial.org\/wp-content\/uploads\/2023\/03\/enfermedades-rara.jpg","contentUrl":"https:\/\/sociedadyseguridadsocial.org\/wp-content\/uploads\/2023\/03\/enfermedades-rara.jpg","width":640,"height":388},{"@type":"BreadcrumbList","@id":"https:\/\/sociedadyseguridadsocial.org\/?p=854#breadcrumb","itemListElement":[{"@type":"ListItem","position":1,"name":"Portada","item":"https:\/\/sociedadyseguridadsocial.org\/"},{"@type":"ListItem","position":2,"name":"Enfermedades Raras afectan a 350 millones de personas en el mundo"}]},{"@type":"WebSite","@id":"https:\/\/sociedadyseguridadsocial.org\/#website","url":"https:\/\/sociedadyseguridadsocial.org\/","name":"sociedadyseguridadsocial.org","description":"S\u00f3lo salud, no es seguridad social.","publisher":{"@id":"https:\/\/sociedadyseguridadsocial.org\/#organization"},"potentialAction":[{"@type":"SearchAction","target":{"@type":"EntryPoint","urlTemplate":"https:\/\/sociedadyseguridadsocial.org\/?s={search_term_string}"},"query-input":"required name=search_term_string"}],"inLanguage":"es-DO"},{"@type":"Organization","@id":"https:\/\/sociedadyseguridadsocial.org\/#organization","name":"sociedadyseguridadsocial.org","url":"https:\/\/sociedadyseguridadsocial.org\/","logo":{"@type":"ImageObject","inLanguage":"es-DO","@id":"https:\/\/sociedadyseguridadsocial.org\/#\/schema\/logo\/image\/","url":"https:\/\/sociedadyseguridadsocial.org\/wp-content\/uploads\/2023\/03\/cropped-cropped-IMG-20230317-WA0125-1.jpg","contentUrl":"https:\/\/sociedadyseguridadsocial.org\/wp-content\/uploads\/2023\/03\/cropped-cropped-IMG-20230317-WA0125-1.jpg","width":265,"height":77,"caption":"sociedadyseguridadsocial.org"},"image":{"@id":"https:\/\/sociedadyseguridadsocial.org\/#\/schema\/logo\/image\/"},"sameAs":["https:\/\/www.facebook.com\/syseguridadsocial","https:\/\/www.instagram.com\/sociedadyseguridadsocial\/"]},{"@type":"Person","@id":"https:\/\/sociedadyseguridadsocial.org\/#\/schema\/person\/45cf5223b982daeb4936c66c072575e3","name":"sociedadyseguridadsocial@gmail.com","image":{"@type":"ImageObject","inLanguage":"es-DO","@id":"https:\/\/sociedadyseguridadsocial.org\/#\/schema\/person\/image\/","url":"https:\/\/secure.gravatar.com\/avatar\/d0c387d833f1414553de50fe7294ab4c?s=96&d=mm&r=g","contentUrl":"https:\/\/secure.gravatar.com\/avatar\/d0c387d833f1414553de50fe7294ab4c?s=96&d=mm&r=g","caption":"sociedadyseguridadsocial@gmail.com"},"sameAs":["http:\/\/sociedadyseguridadsocial.org"],"url":"https:\/\/sociedadyseguridadsocial.org\/?author=1"}]}},"_links":{"self":[{"href":"https:\/\/sociedadyseguridadsocial.org\/index.php?rest_route=\/wp\/v2\/posts\/854"}],"collection":[{"href":"https:\/\/sociedadyseguridadsocial.org\/index.php?rest_route=\/wp\/v2\/posts"}],"about":[{"href":"https:\/\/sociedadyseguridadsocial.org\/index.php?rest_route=\/wp\/v2\/types\/post"}],"author":[{"embeddable":true,"href":"https:\/\/sociedadyseguridadsocial.org\/index.php?rest_route=\/wp\/v2\/users\/1"}],"replies":[{"embeddable":true,"href":"https:\/\/sociedadyseguridadsocial.org\/index.php?rest_route=%2Fwp%2Fv2%2Fcomments&post=854"}],"version-history":[{"count":1,"href":"https:\/\/sociedadyseguridadsocial.org\/index.php?rest_route=\/wp\/v2\/posts\/854\/revisions"}],"predecessor-version":[{"id":856,"href":"https:\/\/sociedadyseguridadsocial.org\/index.php?rest_route=\/wp\/v2\/posts\/854\/revisions\/856"}],"wp:featuredmedia":[{"embeddable":true,"href":"https:\/\/sociedadyseguridadsocial.org\/index.php?rest_route=\/wp\/v2\/media\/855"}],"wp:attachment":[{"href":"https:\/\/sociedadyseguridadsocial.org\/index.php?rest_route=%2Fwp%2Fv2%2Fmedia&parent=854"}],"wp:term":[{"taxonomy":"category","embeddable":true,"href":"https:\/\/sociedadyseguridadsocial.org\/index.php?rest_route=%2Fwp%2Fv2%2Fcategories&post=854"},{"taxonomy":"post_tag","embeddable":true,"href":"https:\/\/sociedadyseguridadsocial.org\/index.php?rest_route=%2Fwp%2Fv2%2Ftags&post=854"}],"curies":[{"name":"wp","href":"https:\/\/api.w.org\/{rel}","templated":true}]}}