{"id":860,"date":"2023-03-23T02:38:32","date_gmt":"2023-03-23T02:38:32","guid":{"rendered":"https:\/\/sociedadyseguridadsocial.org\/?p=860"},"modified":"2023-03-23T02:56:55","modified_gmt":"2023-03-23T02:56:55","slug":"importancia-de-la-actividad-fisica-en-adultos-mayores","status":"publish","type":"post","link":"https:\/\/sociedadyseguridadsocial.org\/?p=860","title":{"rendered":"\u201cImportancia de la actividad f\u00edsica en adultos mayores\"."},"content":{"rendered":"<p>Rep\u00fablica Dominicana. 20\/Marzo\/2023. &#8211;<\/p>\n<p>Con el prop\u00f3sito de que los adultos mayores conozcan la importancia que tiene preservar la salud, el \u00c1rea VI de Salud del Ministerio de Salud P\u00fablica, que dirige la doctora Karen G\u00f3mez Romano, llev\u00f3 a cabo una charla titulada: \u201cImportancia de la actividad f\u00edsica en adultos mayores\".<\/p>\n<p>Impartida por la doctora Ruth Santos Figueroa, quien explic\u00f3 a los asistentes a la consulta del pasado viernes al Hospital Materno Infantil Santo Socorro, que deben ejercitarse, para que su cuerpo se mantenga bien, habl\u00f3 de los beneficios que genera al organismo realizar actividades f\u00edsicas, ya que les permite: salud cerebral, salud del coraz\u00f3n, peso saludable, adem\u00e1s, fortaleza en los huesos, entre otros beneficios.Aconsej\u00f3 que, para la prevenci\u00f3n de enfermedades, se<\/p>\n<p><img decoding=\"async\" loading=\"lazy\" class=\" wp-image-871 alignright\" src=\"https:\/\/sociedadyseguridadsocial.org\/wp-content\/uploads\/2023\/03\/PHOTO-2023-03-19-21-45-06-300x169.jpg\" alt=\"\" width=\"382\" height=\"215\" srcset=\"https:\/\/sociedadyseguridadsocial.org\/wp-content\/uploads\/2023\/03\/PHOTO-2023-03-19-21-45-06-300x169.jpg 300w, https:\/\/sociedadyseguridadsocial.org\/wp-content\/uploads\/2023\/03\/PHOTO-2023-03-19-21-45-06-1024x576.jpg 1024w, https:\/\/sociedadyseguridadsocial.org\/wp-content\/uploads\/2023\/03\/PHOTO-2023-03-19-21-45-06-768x432.jpg 768w, https:\/\/sociedadyseguridadsocial.org\/wp-content\/uploads\/2023\/03\/PHOTO-2023-03-19-21-45-06-1536x864.jpg 1536w, https:\/\/sociedadyseguridadsocial.org\/wp-content\/uploads\/2023\/03\/PHOTO-2023-03-19-21-45-06-1170x658.jpg 1170w, https:\/\/sociedadyseguridadsocial.org\/wp-content\/uploads\/2023\/03\/PHOTO-2023-03-19-21-45-06.jpg 1599w\" sizes=\"(max-width: 382px) 100vw, 382px\" \/><\/p>\n<p>debe realizar diariamente algunas actividades f\u00edsicas, es importante caminar, trotar para mantener buena circulaci\u00f3n de la sangre, al ejercitarse pueden mantener un buen equilibrio del cuerpo, evitando ca\u00eddas y lesiones, a\u00f1adi\u00f3 la doctora Santos Figueroa.<\/p>\n<p>Les exhort\u00f3 a asistir a sus citas m\u00e9dica, llev\u00e1ndose siempre de las recomendaciones de los m\u00e9dicos.<\/p>\n","protected":false},"excerpt":{"rendered":"<p>Rep\u00fablica Dominicana. 20\/Marzo\/2023. &#8211; Con el prop\u00f3sito de que los adultos mayores conozcan la importancia que tiene preservar la salud, el \u00c1rea VI de Salud<\/p>\n","protected":false},"author":1,"featured_media":861,"comment_status":"open","ping_status":"open","sticky":false,"template":"","format":"standard","meta":{"footnotes":""},"categories":[29],"tags":[],"yoast_head":"<!-- This site is optimized with the Yoast SEO plugin v22.6 - https:\/\/yoast.com\/wordpress\/plugins\/seo\/ -->\n<title>\u201cImportancia de la actividad f\u00edsica en adultos mayores&quot;. - sociedadyseguridadsocial.org<\/title>\n<meta name=\"robots\" content=\"index, follow, max-snippet:-1, max-image-preview:large, max-video-preview:-1\" \/>\n<link rel=\"canonical\" href=\"https:\/\/sociedadyseguridadsocial.org\/?p=860\" \/>\n<meta property=\"og:locale\" content=\"es_ES\" \/>\n<meta property=\"og:type\" content=\"article\" \/>\n<meta property=\"og:title\" content=\"\u201cImportancia de la actividad f\u00edsica en adultos mayores&quot;. - sociedadyseguridadsocial.org\" \/>\n<meta property=\"og:description\" content=\"Rep\u00fablica Dominicana. 20\/Marzo\/2023. &#8211; Con el prop\u00f3sito de que los adultos mayores conozcan la importancia que tiene preservar la salud, el \u00c1rea VI de Salud\" \/>\n<meta property=\"og:url\" content=\"https:\/\/sociedadyseguridadsocial.org\/?p=860\" \/>\n<meta property=\"og:site_name\" content=\"sociedadyseguridadsocial.org\" \/>\n<meta property=\"article:publisher\" content=\"https:\/\/www.facebook.com\/syseguridadsocial\" \/>\n<meta property=\"article:published_time\" content=\"2023-03-23T02:38:32+00:00\" \/>\n<meta property=\"article:modified_time\" content=\"2023-03-23T02:56:55+00:00\" \/>\n<meta property=\"og:image\" content=\"https:\/\/sociedadyseguridadsocial.org\/wp-content\/uploads\/2023\/03\/PHOTO-2023-03-19-21-45-47.jpg\" \/>\n\t<meta property=\"og:image:width\" content=\"1599\" \/>\n\t<meta property=\"og:image:height\" content=\"899\" \/>\n\t<meta property=\"og:image:type\" content=\"image\/jpeg\" \/>\n<meta name=\"author\" content=\"sociedadyseguridadsocial@gmail.com\" \/>\n<meta name=\"twitter:card\" content=\"summary_large_image\" \/>\n<meta name=\"twitter:label1\" content=\"Written by\" \/>\n\t<meta name=\"twitter:data1\" content=\"sociedadyseguridadsocial@gmail.com\" \/>\n\t<meta name=\"twitter:label2\" content=\"Est. reading time\" \/>\n\t<meta name=\"twitter:data2\" content=\"1 minuto\" \/>\n<script type=\"application\/ld+json\" class=\"yoast-schema-graph\">{\"@context\":\"https:\/\/schema.org\",\"@graph\":[{\"@type\":\"Article\",\"@id\":\"https:\/\/sociedadyseguridadsocial.org\/?p=860#article\",\"isPartOf\":{\"@id\":\"https:\/\/sociedadyseguridadsocial.org\/?p=860\"},\"author\":{\"name\":\"sociedadyseguridadsocial@gmail.com\",\"@id\":\"https:\/\/sociedadyseguridadsocial.org\/#\/schema\/person\/45cf5223b982daeb4936c66c072575e3\"},\"headline\":\"\u201cImportancia de la actividad f\u00edsica en adultos mayores\\\".\",\"datePublished\":\"2023-03-23T02:38:32+00:00\",\"dateModified\":\"2023-03-23T02:56:55+00:00\",\"mainEntityOfPage\":{\"@id\":\"https:\/\/sociedadyseguridadsocial.org\/?p=860\"},\"wordCount\":199,\"commentCount\":0,\"publisher\":{\"@id\":\"https:\/\/sociedadyseguridadsocial.org\/#organization\"},\"image\":{\"@id\":\"https:\/\/sociedadyseguridadsocial.org\/?p=860#primaryimage\"},\"thumbnailUrl\":\"https:\/\/sociedadyseguridadsocial.org\/wp-content\/uploads\/2023\/03\/PHOTO-2023-03-19-21-45-47.jpg\",\"articleSection\":[\"SALUD\"],\"inLanguage\":\"es-DO\",\"potentialAction\":[{\"@type\":\"CommentAction\",\"name\":\"Comment\",\"target\":[\"https:\/\/sociedadyseguridadsocial.org\/?p=860#respond\"]}]},{\"@type\":\"WebPage\",\"@id\":\"https:\/\/sociedadyseguridadsocial.org\/?p=860\",\"url\":\"https:\/\/sociedadyseguridadsocial.org\/?p=860\",\"name\":\"\u201cImportancia de la actividad f\u00edsica en adultos mayores\\\". - sociedadyseguridadsocial.org\",\"isPartOf\":{\"@id\":\"https:\/\/sociedadyseguridadsocial.org\/#website\"},\"primaryImageOfPage\":{\"@id\":\"https:\/\/sociedadyseguridadsocial.org\/?p=860#primaryimage\"},\"image\":{\"@id\":\"https:\/\/sociedadyseguridadsocial.org\/?p=860#primaryimage\"},\"thumbnailUrl\":\"https:\/\/sociedadyseguridadsocial.org\/wp-content\/uploads\/2023\/03\/PHOTO-2023-03-19-21-45-47.jpg\",\"datePublished\":\"2023-03-23T02:38:32+00:00\",\"dateModified\":\"2023-03-23T02:56:55+00:00\",\"breadcrumb\":{\"@id\":\"https:\/\/sociedadyseguridadsocial.org\/?p=860#breadcrumb\"},\"inLanguage\":\"es-DO\",\"potentialAction\":[{\"@type\":\"ReadAction\",\"target\":[\"https:\/\/sociedadyseguridadsocial.org\/?p=860\"]}]},{\"@type\":\"ImageObject\",\"inLanguage\":\"es-DO\",\"@id\":\"https:\/\/sociedadyseguridadsocial.org\/?p=860#primaryimage\",\"url\":\"https:\/\/sociedadyseguridadsocial.org\/wp-content\/uploads\/2023\/03\/PHOTO-2023-03-19-21-45-47.jpg\",\"contentUrl\":\"https:\/\/sociedadyseguridadsocial.org\/wp-content\/uploads\/2023\/03\/PHOTO-2023-03-19-21-45-47.jpg\",\"width\":1599,\"height\":899},{\"@type\":\"BreadcrumbList\",\"@id\":\"https:\/\/sociedadyseguridadsocial.org\/?p=860#breadcrumb\",\"itemListElement\":[{\"@type\":\"ListItem\",\"position\":1,\"name\":\"Portada\",\"item\":\"https:\/\/sociedadyseguridadsocial.org\/\"},{\"@type\":\"ListItem\",\"position\":2,\"name\":\"\u201cImportancia de la actividad f\u00edsica en adultos mayores&#8221;.\"}]},{\"@type\":\"WebSite\",\"@id\":\"https:\/\/sociedadyseguridadsocial.org\/#website\",\"url\":\"https:\/\/sociedadyseguridadsocial.org\/\",\"name\":\"sociedadyseguridadsocial.org\",\"description\":\"S\u00f3lo salud, no es seguridad social.\",\"publisher\":{\"@id\":\"https:\/\/sociedadyseguridadsocial.org\/#organization\"},\"potentialAction\":[{\"@type\":\"SearchAction\",\"target\":{\"@type\":\"EntryPoint\",\"urlTemplate\":\"https:\/\/sociedadyseguridadsocial.org\/?s={search_term_string}\"},\"query-input\":\"required name=search_term_string\"}],\"inLanguage\":\"es-DO\"},{\"@type\":\"Organization\",\"@id\":\"https:\/\/sociedadyseguridadsocial.org\/#organization\",\"name\":\"sociedadyseguridadsocial.org\",\"url\":\"https:\/\/sociedadyseguridadsocial.org\/\",\"logo\":{\"@type\":\"ImageObject\",\"inLanguage\":\"es-DO\",\"@id\":\"https:\/\/sociedadyseguridadsocial.org\/#\/schema\/logo\/image\/\",\"url\":\"https:\/\/sociedadyseguridadsocial.org\/wp-content\/uploads\/2023\/03\/cropped-cropped-IMG-20230317-WA0125-1.jpg\",\"contentUrl\":\"https:\/\/sociedadyseguridadsocial.org\/wp-content\/uploads\/2023\/03\/cropped-cropped-IMG-20230317-WA0125-1.jpg\",\"width\":265,\"height\":77,\"caption\":\"sociedadyseguridadsocial.org\"},\"image\":{\"@id\":\"https:\/\/sociedadyseguridadsocial.org\/#\/schema\/logo\/image\/\"},\"sameAs\":[\"https:\/\/www.facebook.com\/syseguridadsocial\",\"https:\/\/www.instagram.com\/sociedadyseguridadsocial\/\"]},{\"@type\":\"Person\",\"@id\":\"https:\/\/sociedadyseguridadsocial.org\/#\/schema\/person\/45cf5223b982daeb4936c66c072575e3\",\"name\":\"sociedadyseguridadsocial@gmail.com\",\"image\":{\"@type\":\"ImageObject\",\"inLanguage\":\"es-DO\",\"@id\":\"https:\/\/sociedadyseguridadsocial.org\/#\/schema\/person\/image\/\",\"url\":\"https:\/\/secure.gravatar.com\/avatar\/d0c387d833f1414553de50fe7294ab4c?s=96&d=mm&r=g\",\"contentUrl\":\"https:\/\/secure.gravatar.com\/avatar\/d0c387d833f1414553de50fe7294ab4c?s=96&d=mm&r=g\",\"caption\":\"sociedadyseguridadsocial@gmail.com\"},\"sameAs\":[\"http:\/\/sociedadyseguridadsocial.org\"],\"url\":\"https:\/\/sociedadyseguridadsocial.org\/?author=1\"}]}<\/script>\n<!-- \/ Yoast SEO plugin. -->","yoast_head_json":{"title":"\u201cImportancia de la actividad f\u00edsica en adultos mayores\". - sociedadyseguridadsocial.org","robots":{"index":"index","follow":"follow","max-snippet":"max-snippet:-1","max-image-preview":"max-image-preview:large","max-video-preview":"max-video-preview:-1"},"canonical":"https:\/\/sociedadyseguridadsocial.org\/?p=860","og_locale":"es_ES","og_type":"article","og_title":"\u201cImportancia de la actividad f\u00edsica en adultos mayores\". - sociedadyseguridadsocial.org","og_description":"Rep\u00fablica Dominicana. 20\/Marzo\/2023. &#8211; Con el prop\u00f3sito de que los adultos mayores conozcan la importancia que tiene preservar la salud, el \u00c1rea VI de Salud","og_url":"https:\/\/sociedadyseguridadsocial.org\/?p=860","og_site_name":"sociedadyseguridadsocial.org","article_publisher":"https:\/\/www.facebook.com\/syseguridadsocial","article_published_time":"2023-03-23T02:38:32+00:00","article_modified_time":"2023-03-23T02:56:55+00:00","og_image":[{"width":1599,"height":899,"url":"https:\/\/sociedadyseguridadsocial.org\/wp-content\/uploads\/2023\/03\/PHOTO-2023-03-19-21-45-47.jpg","type":"image\/jpeg"}],"author":"sociedadyseguridadsocial@gmail.com","twitter_card":"summary_large_image","twitter_misc":{"Written by":"sociedadyseguridadsocial@gmail.com","Est. reading time":"1 minuto"},"schema":{"@context":"https:\/\/schema.org","@graph":[{"@type":"Article","@id":"https:\/\/sociedadyseguridadsocial.org\/?p=860#article","isPartOf":{"@id":"https:\/\/sociedadyseguridadsocial.org\/?p=860"},"author":{"name":"sociedadyseguridadsocial@gmail.com","@id":"https:\/\/sociedadyseguridadsocial.org\/#\/schema\/person\/45cf5223b982daeb4936c66c072575e3"},"headline":"\u201cImportancia de la actividad f\u00edsica en adultos mayores\".","datePublished":"2023-03-23T02:38:32+00:00","dateModified":"2023-03-23T02:56:55+00:00","mainEntityOfPage":{"@id":"https:\/\/sociedadyseguridadsocial.org\/?p=860"},"wordCount":199,"commentCount":0,"publisher":{"@id":"https:\/\/sociedadyseguridadsocial.org\/#organization"},"image":{"@id":"https:\/\/sociedadyseguridadsocial.org\/?p=860#primaryimage"},"thumbnailUrl":"https:\/\/sociedadyseguridadsocial.org\/wp-content\/uploads\/2023\/03\/PHOTO-2023-03-19-21-45-47.jpg","articleSection":["SALUD"],"inLanguage":"es-DO","potentialAction":[{"@type":"CommentAction","name":"Comment","target":["https:\/\/sociedadyseguridadsocial.org\/?p=860#respond"]}]},{"@type":"WebPage","@id":"https:\/\/sociedadyseguridadsocial.org\/?p=860","url":"https:\/\/sociedadyseguridadsocial.org\/?p=860","name":"\u201cImportancia de la actividad f\u00edsica en adultos mayores\". - sociedadyseguridadsocial.org","isPartOf":{"@id":"https:\/\/sociedadyseguridadsocial.org\/#website"},"primaryImageOfPage":{"@id":"https:\/\/sociedadyseguridadsocial.org\/?p=860#primaryimage"},"image":{"@id":"https:\/\/sociedadyseguridadsocial.org\/?p=860#primaryimage"},"thumbnailUrl":"https:\/\/sociedadyseguridadsocial.org\/wp-content\/uploads\/2023\/03\/PHOTO-2023-03-19-21-45-47.jpg","datePublished":"2023-03-23T02:38:32+00:00","dateModified":"2023-03-23T02:56:55+00:00","breadcrumb":{"@id":"https:\/\/sociedadyseguridadsocial.org\/?p=860#breadcrumb"},"inLanguage":"es-DO","potentialAction":[{"@type":"ReadAction","target":["https:\/\/sociedadyseguridadsocial.org\/?p=860"]}]},{"@type":"ImageObject","inLanguage":"es-DO","@id":"https:\/\/sociedadyseguridadsocial.org\/?p=860#primaryimage","url":"https:\/\/sociedadyseguridadsocial.org\/wp-content\/uploads\/2023\/03\/PHOTO-2023-03-19-21-45-47.jpg","contentUrl":"https:\/\/sociedadyseguridadsocial.org\/wp-content\/uploads\/2023\/03\/PHOTO-2023-03-19-21-45-47.jpg","width":1599,"height":899},{"@type":"BreadcrumbList","@id":"https:\/\/sociedadyseguridadsocial.org\/?p=860#breadcrumb","itemListElement":[{"@type":"ListItem","position":1,"name":"Portada","item":"https:\/\/sociedadyseguridadsocial.org\/"},{"@type":"ListItem","position":2,"name":"\u201cImportancia de la actividad f\u00edsica en adultos mayores&#8221;."}]},{"@type":"WebSite","@id":"https:\/\/sociedadyseguridadsocial.org\/#website","url":"https:\/\/sociedadyseguridadsocial.org\/","name":"sociedadyseguridadsocial.org","description":"S\u00f3lo salud, no es seguridad social.","publisher":{"@id":"https:\/\/sociedadyseguridadsocial.org\/#organization"},"potentialAction":[{"@type":"SearchAction","target":{"@type":"EntryPoint","urlTemplate":"https:\/\/sociedadyseguridadsocial.org\/?s={search_term_string}"},"query-input":"required name=search_term_string"}],"inLanguage":"es-DO"},{"@type":"Organization","@id":"https:\/\/sociedadyseguridadsocial.org\/#organization","name":"sociedadyseguridadsocial.org","url":"https:\/\/sociedadyseguridadsocial.org\/","logo":{"@type":"ImageObject","inLanguage":"es-DO","@id":"https:\/\/sociedadyseguridadsocial.org\/#\/schema\/logo\/image\/","url":"https:\/\/sociedadyseguridadsocial.org\/wp-content\/uploads\/2023\/03\/cropped-cropped-IMG-20230317-WA0125-1.jpg","contentUrl":"https:\/\/sociedadyseguridadsocial.org\/wp-content\/uploads\/2023\/03\/cropped-cropped-IMG-20230317-WA0125-1.jpg","width":265,"height":77,"caption":"sociedadyseguridadsocial.org"},"image":{"@id":"https:\/\/sociedadyseguridadsocial.org\/#\/schema\/logo\/image\/"},"sameAs":["https:\/\/www.facebook.com\/syseguridadsocial","https:\/\/www.instagram.com\/sociedadyseguridadsocial\/"]},{"@type":"Person","@id":"https:\/\/sociedadyseguridadsocial.org\/#\/schema\/person\/45cf5223b982daeb4936c66c072575e3","name":"sociedadyseguridadsocial@gmail.com","image":{"@type":"ImageObject","inLanguage":"es-DO","@id":"https:\/\/sociedadyseguridadsocial.org\/#\/schema\/person\/image\/","url":"https:\/\/secure.gravatar.com\/avatar\/d0c387d833f1414553de50fe7294ab4c?s=96&d=mm&r=g","contentUrl":"https:\/\/secure.gravatar.com\/avatar\/d0c387d833f1414553de50fe7294ab4c?s=96&d=mm&r=g","caption":"sociedadyseguridadsocial@gmail.com"},"sameAs":["http:\/\/sociedadyseguridadsocial.org"],"url":"https:\/\/sociedadyseguridadsocial.org\/?author=1"}]}},"_links":{"self":[{"href":"https:\/\/sociedadyseguridadsocial.org\/index.php?rest_route=\/wp\/v2\/posts\/860"}],"collection":[{"href":"https:\/\/sociedadyseguridadsocial.org\/index.php?rest_route=\/wp\/v2\/posts"}],"about":[{"href":"https:\/\/sociedadyseguridadsocial.org\/index.php?rest_route=\/wp\/v2\/types\/post"}],"author":[{"embeddable":true,"href":"https:\/\/sociedadyseguridadsocial.org\/index.php?rest_route=\/wp\/v2\/users\/1"}],"replies":[{"embeddable":true,"href":"https:\/\/sociedadyseguridadsocial.org\/index.php?rest_route=%2Fwp%2Fv2%2Fcomments&post=860"}],"version-history":[{"count":4,"href":"https:\/\/sociedadyseguridadsocial.org\/index.php?rest_route=\/wp\/v2\/posts\/860\/revisions"}],"predecessor-version":[{"id":870,"href":"https:\/\/sociedadyseguridadsocial.org\/index.php?rest_route=\/wp\/v2\/posts\/860\/revisions\/870"}],"wp:featuredmedia":[{"embeddable":true,"href":"https:\/\/sociedadyseguridadsocial.org\/index.php?rest_route=\/wp\/v2\/media\/861"}],"wp:attachment":[{"href":"https:\/\/sociedadyseguridadsocial.org\/index.php?rest_route=%2Fwp%2Fv2%2Fmedia&parent=860"}],"wp:term":[{"taxonomy":"category","embeddable":true,"href":"https:\/\/sociedadyseguridadsocial.org\/index.php?rest_route=%2Fwp%2Fv2%2Fcategories&post=860"},{"taxonomy":"post_tag","embeddable":true,"href":"https:\/\/sociedadyseguridadsocial.org\/index.php?rest_route=%2Fwp%2Fv2%2Ftags&post=860"}],"curies":[{"name":"wp","href":"https:\/\/api.w.org\/{rel}","templated":true}]}}