{"id":888,"date":"2023-03-20T00:09:20","date_gmt":"2023-03-20T00:09:20","guid":{"rendered":"https:\/\/sociedadyseguridadsocial.org\/?p=888"},"modified":"2023-03-25T00:25:56","modified_gmt":"2023-03-25T00:25:56","slug":"ministro-de-trabajo-convoca-comite-nacional-de-honorarios-profesionales","status":"publish","type":"post","link":"https:\/\/sociedadyseguridadsocial.org\/?p=888","title":{"rendered":"Ministro de trabajo convoca Comit\u00e9 Nacional de Honorarios Profesionales"},"content":{"rendered":"<p><strong>Tras m\u00e1s de 15 a\u00f1os sin reunirse comit\u00e9 fijar\u00e1 honorarios m\u00e9dicos<\/strong><\/p>\n<p>Republ\u00edca Dominicana. 20\/Marzo\/2023.-<\/p>\n<p>En seguimiento a la Resoluci\u00f3n No. 563-01, d\/f 26\/01\/23, del Consejo Nacional de la Seguridad Social (CNSS) del Consejo Nacional de la Seguridad Social (CNSS), el ministro de trabajo, Luis Miguel De Camps, convoc\u00f3 a los principales actores del sector salud para conformar el Comit\u00e9 Nacional de Honorarios Profesionales.<\/p>\n<p>La sesi\u00f3n ordinaria del CNHP, se celebrar\u00e1 el mi\u00e9rcoles 22 de marzo, a las 10:00 am., en el Ministerio de Trabajo y es la primera vez que dicho comit\u00e9 sesiona en m\u00e1s de 15 a\u00f1os.<\/p>\n<p>Esta convocatoria se realiza para tratar, entre otros temas, la juramentaci\u00f3n de los nuevos miembros del Comit\u00e9 Nacional de Honorarios Profesionales (CNHP), as\u00ed como para conocer lo establecido en el P\u00e1rrafo II del art\u00edculo Noveno de la Resoluci\u00f3n No. 563-01, d\/f 26\/01\/23, del Consejo Nacional de la Seguridad Social (CNSS) sobre honorarios m\u00e9dicos.<\/p>\n<p>De acuerdo a la convocatoria cursada por el ministro De Camps Garc\u00eda, durante el encuentro se discutir\u00eda el cronograma de trabajo para definir los honorarios profesionales de los doctores, los cuales ser\u00edan finalmente aprobados por el CNSS.<\/p>\n<p>Se espera que las decisiones que emanen del CNHP completen el ciclo de acuerdos promovidos por el gobierno, quien a trav\u00e9s del ministro De Camps y el CNSS ha buscado dar soluci\u00f3n al enfrentamiento entre m\u00e9dicos y ARS\u2019s durante meses.<\/p>\n","protected":false},"excerpt":{"rendered":"<p>Tras m\u00e1s de 15 a\u00f1os sin reunirse comit\u00e9 fijar\u00e1 honorarios m\u00e9dicos Republ\u00edca Dominicana. 20\/Marzo\/2023.- En seguimiento a la Resoluci\u00f3n No. 563-01, d\/f 26\/01\/23, del Consejo<\/p>\n","protected":false},"author":1,"featured_media":889,"comment_status":"open","ping_status":"open","sticky":false,"template":"","format":"standard","meta":{"footnotes":""},"categories":[28],"tags":[],"yoast_head":"<!-- This site is optimized with the Yoast SEO plugin v22.6 - https:\/\/yoast.com\/wordpress\/plugins\/seo\/ -->\n<title>Ministro de trabajo convoca Comit\u00e9 Nacional de Honorarios Profesionales - sociedadyseguridadsocial.org<\/title>\n<meta name=\"robots\" content=\"index, follow, max-snippet:-1, max-image-preview:large, max-video-preview:-1\" \/>\n<link rel=\"canonical\" href=\"https:\/\/sociedadyseguridadsocial.org\/?p=888\" \/>\n<meta property=\"og:locale\" content=\"es_ES\" \/>\n<meta property=\"og:type\" content=\"article\" \/>\n<meta property=\"og:title\" content=\"Ministro de trabajo convoca Comit\u00e9 Nacional de Honorarios Profesionales - sociedadyseguridadsocial.org\" \/>\n<meta property=\"og:description\" content=\"Tras m\u00e1s de 15 a\u00f1os sin reunirse comit\u00e9 fijar\u00e1 honorarios m\u00e9dicos Republ\u00edca Dominicana. 20\/Marzo\/2023.- En seguimiento a la Resoluci\u00f3n No. 563-01, d\/f 26\/01\/23, del Consejo\" \/>\n<meta property=\"og:url\" content=\"https:\/\/sociedadyseguridadsocial.org\/?p=888\" \/>\n<meta property=\"og:site_name\" content=\"sociedadyseguridadsocial.org\" \/>\n<meta property=\"article:publisher\" content=\"https:\/\/www.facebook.com\/syseguridadsocial\" \/>\n<meta property=\"article:published_time\" content=\"2023-03-20T00:09:20+00:00\" \/>\n<meta property=\"article:modified_time\" content=\"2023-03-25T00:25:56+00:00\" \/>\n<meta property=\"og:image\" content=\"https:\/\/sociedadyseguridadsocial.org\/wp-content\/uploads\/2023\/03\/ministerio-t.jpg\" \/>\n\t<meta property=\"og:image:width\" content=\"266\" \/>\n\t<meta property=\"og:image:height\" content=\"190\" \/>\n\t<meta property=\"og:image:type\" content=\"image\/jpeg\" \/>\n<meta name=\"author\" content=\"sociedadyseguridadsocial@gmail.com\" \/>\n<meta name=\"twitter:card\" content=\"summary_large_image\" \/>\n<meta name=\"twitter:label1\" content=\"Written by\" \/>\n\t<meta name=\"twitter:data1\" content=\"sociedadyseguridadsocial@gmail.com\" \/>\n\t<meta name=\"twitter:label2\" content=\"Est. reading time\" \/>\n\t<meta name=\"twitter:data2\" content=\"1 minuto\" \/>\n<script type=\"application\/ld+json\" class=\"yoast-schema-graph\">{\"@context\":\"https:\/\/schema.org\",\"@graph\":[{\"@type\":\"Article\",\"@id\":\"https:\/\/sociedadyseguridadsocial.org\/?p=888#article\",\"isPartOf\":{\"@id\":\"https:\/\/sociedadyseguridadsocial.org\/?p=888\"},\"author\":{\"name\":\"sociedadyseguridadsocial@gmail.com\",\"@id\":\"https:\/\/sociedadyseguridadsocial.org\/#\/schema\/person\/45cf5223b982daeb4936c66c072575e3\"},\"headline\":\"Ministro de trabajo convoca Comit\u00e9 Nacional de Honorarios Profesionales\",\"datePublished\":\"2023-03-20T00:09:20+00:00\",\"dateModified\":\"2023-03-25T00:25:56+00:00\",\"mainEntityOfPage\":{\"@id\":\"https:\/\/sociedadyseguridadsocial.org\/?p=888\"},\"wordCount\":255,\"commentCount\":0,\"publisher\":{\"@id\":\"https:\/\/sociedadyseguridadsocial.org\/#organization\"},\"image\":{\"@id\":\"https:\/\/sociedadyseguridadsocial.org\/?p=888#primaryimage\"},\"thumbnailUrl\":\"https:\/\/sociedadyseguridadsocial.org\/wp-content\/uploads\/2023\/03\/ministerio-t.jpg\",\"articleSection\":[\"LEY SS\"],\"inLanguage\":\"es-DO\",\"potentialAction\":[{\"@type\":\"CommentAction\",\"name\":\"Comment\",\"target\":[\"https:\/\/sociedadyseguridadsocial.org\/?p=888#respond\"]}]},{\"@type\":\"WebPage\",\"@id\":\"https:\/\/sociedadyseguridadsocial.org\/?p=888\",\"url\":\"https:\/\/sociedadyseguridadsocial.org\/?p=888\",\"name\":\"Ministro de trabajo convoca Comit\u00e9 Nacional de Honorarios Profesionales - sociedadyseguridadsocial.org\",\"isPartOf\":{\"@id\":\"https:\/\/sociedadyseguridadsocial.org\/#website\"},\"primaryImageOfPage\":{\"@id\":\"https:\/\/sociedadyseguridadsocial.org\/?p=888#primaryimage\"},\"image\":{\"@id\":\"https:\/\/sociedadyseguridadsocial.org\/?p=888#primaryimage\"},\"thumbnailUrl\":\"https:\/\/sociedadyseguridadsocial.org\/wp-content\/uploads\/2023\/03\/ministerio-t.jpg\",\"datePublished\":\"2023-03-20T00:09:20+00:00\",\"dateModified\":\"2023-03-25T00:25:56+00:00\",\"breadcrumb\":{\"@id\":\"https:\/\/sociedadyseguridadsocial.org\/?p=888#breadcrumb\"},\"inLanguage\":\"es-DO\",\"potentialAction\":[{\"@type\":\"ReadAction\",\"target\":[\"https:\/\/sociedadyseguridadsocial.org\/?p=888\"]}]},{\"@type\":\"ImageObject\",\"inLanguage\":\"es-DO\",\"@id\":\"https:\/\/sociedadyseguridadsocial.org\/?p=888#primaryimage\",\"url\":\"https:\/\/sociedadyseguridadsocial.org\/wp-content\/uploads\/2023\/03\/ministerio-t.jpg\",\"contentUrl\":\"https:\/\/sociedadyseguridadsocial.org\/wp-content\/uploads\/2023\/03\/ministerio-t.jpg\",\"width\":266,\"height\":190},{\"@type\":\"BreadcrumbList\",\"@id\":\"https:\/\/sociedadyseguridadsocial.org\/?p=888#breadcrumb\",\"itemListElement\":[{\"@type\":\"ListItem\",\"position\":1,\"name\":\"Portada\",\"item\":\"https:\/\/sociedadyseguridadsocial.org\/\"},{\"@type\":\"ListItem\",\"position\":2,\"name\":\"Ministro de trabajo convoca Comit\u00e9 Nacional de Honorarios Profesionales\"}]},{\"@type\":\"WebSite\",\"@id\":\"https:\/\/sociedadyseguridadsocial.org\/#website\",\"url\":\"https:\/\/sociedadyseguridadsocial.org\/\",\"name\":\"sociedadyseguridadsocial.org\",\"description\":\"S\u00f3lo salud, no es seguridad social.\",\"publisher\":{\"@id\":\"https:\/\/sociedadyseguridadsocial.org\/#organization\"},\"potentialAction\":[{\"@type\":\"SearchAction\",\"target\":{\"@type\":\"EntryPoint\",\"urlTemplate\":\"https:\/\/sociedadyseguridadsocial.org\/?s={search_term_string}\"},\"query-input\":\"required name=search_term_string\"}],\"inLanguage\":\"es-DO\"},{\"@type\":\"Organization\",\"@id\":\"https:\/\/sociedadyseguridadsocial.org\/#organization\",\"name\":\"sociedadyseguridadsocial.org\",\"url\":\"https:\/\/sociedadyseguridadsocial.org\/\",\"logo\":{\"@type\":\"ImageObject\",\"inLanguage\":\"es-DO\",\"@id\":\"https:\/\/sociedadyseguridadsocial.org\/#\/schema\/logo\/image\/\",\"url\":\"https:\/\/sociedadyseguridadsocial.org\/wp-content\/uploads\/2023\/03\/cropped-cropped-IMG-20230317-WA0125-1.jpg\",\"contentUrl\":\"https:\/\/sociedadyseguridadsocial.org\/wp-content\/uploads\/2023\/03\/cropped-cropped-IMG-20230317-WA0125-1.jpg\",\"width\":265,\"height\":77,\"caption\":\"sociedadyseguridadsocial.org\"},\"image\":{\"@id\":\"https:\/\/sociedadyseguridadsocial.org\/#\/schema\/logo\/image\/\"},\"sameAs\":[\"https:\/\/www.facebook.com\/syseguridadsocial\",\"https:\/\/www.instagram.com\/sociedadyseguridadsocial\/\"]},{\"@type\":\"Person\",\"@id\":\"https:\/\/sociedadyseguridadsocial.org\/#\/schema\/person\/45cf5223b982daeb4936c66c072575e3\",\"name\":\"sociedadyseguridadsocial@gmail.com\",\"image\":{\"@type\":\"ImageObject\",\"inLanguage\":\"es-DO\",\"@id\":\"https:\/\/sociedadyseguridadsocial.org\/#\/schema\/person\/image\/\",\"url\":\"https:\/\/secure.gravatar.com\/avatar\/d0c387d833f1414553de50fe7294ab4c?s=96&d=mm&r=g\",\"contentUrl\":\"https:\/\/secure.gravatar.com\/avatar\/d0c387d833f1414553de50fe7294ab4c?s=96&d=mm&r=g\",\"caption\":\"sociedadyseguridadsocial@gmail.com\"},\"sameAs\":[\"http:\/\/sociedadyseguridadsocial.org\"],\"url\":\"https:\/\/sociedadyseguridadsocial.org\/?author=1\"}]}<\/script>\n<!-- \/ Yoast SEO plugin. -->","yoast_head_json":{"title":"Ministro de trabajo convoca Comit\u00e9 Nacional de Honorarios Profesionales - sociedadyseguridadsocial.org","robots":{"index":"index","follow":"follow","max-snippet":"max-snippet:-1","max-image-preview":"max-image-preview:large","max-video-preview":"max-video-preview:-1"},"canonical":"https:\/\/sociedadyseguridadsocial.org\/?p=888","og_locale":"es_ES","og_type":"article","og_title":"Ministro de trabajo convoca Comit\u00e9 Nacional de Honorarios Profesionales - sociedadyseguridadsocial.org","og_description":"Tras m\u00e1s de 15 a\u00f1os sin reunirse comit\u00e9 fijar\u00e1 honorarios m\u00e9dicos Republ\u00edca Dominicana. 20\/Marzo\/2023.- En seguimiento a la Resoluci\u00f3n No. 563-01, d\/f 26\/01\/23, del Consejo","og_url":"https:\/\/sociedadyseguridadsocial.org\/?p=888","og_site_name":"sociedadyseguridadsocial.org","article_publisher":"https:\/\/www.facebook.com\/syseguridadsocial","article_published_time":"2023-03-20T00:09:20+00:00","article_modified_time":"2023-03-25T00:25:56+00:00","og_image":[{"width":266,"height":190,"url":"https:\/\/sociedadyseguridadsocial.org\/wp-content\/uploads\/2023\/03\/ministerio-t.jpg","type":"image\/jpeg"}],"author":"sociedadyseguridadsocial@gmail.com","twitter_card":"summary_large_image","twitter_misc":{"Written by":"sociedadyseguridadsocial@gmail.com","Est. reading time":"1 minuto"},"schema":{"@context":"https:\/\/schema.org","@graph":[{"@type":"Article","@id":"https:\/\/sociedadyseguridadsocial.org\/?p=888#article","isPartOf":{"@id":"https:\/\/sociedadyseguridadsocial.org\/?p=888"},"author":{"name":"sociedadyseguridadsocial@gmail.com","@id":"https:\/\/sociedadyseguridadsocial.org\/#\/schema\/person\/45cf5223b982daeb4936c66c072575e3"},"headline":"Ministro de trabajo convoca Comit\u00e9 Nacional de Honorarios Profesionales","datePublished":"2023-03-20T00:09:20+00:00","dateModified":"2023-03-25T00:25:56+00:00","mainEntityOfPage":{"@id":"https:\/\/sociedadyseguridadsocial.org\/?p=888"},"wordCount":255,"commentCount":0,"publisher":{"@id":"https:\/\/sociedadyseguridadsocial.org\/#organization"},"image":{"@id":"https:\/\/sociedadyseguridadsocial.org\/?p=888#primaryimage"},"thumbnailUrl":"https:\/\/sociedadyseguridadsocial.org\/wp-content\/uploads\/2023\/03\/ministerio-t.jpg","articleSection":["LEY SS"],"inLanguage":"es-DO","potentialAction":[{"@type":"CommentAction","name":"Comment","target":["https:\/\/sociedadyseguridadsocial.org\/?p=888#respond"]}]},{"@type":"WebPage","@id":"https:\/\/sociedadyseguridadsocial.org\/?p=888","url":"https:\/\/sociedadyseguridadsocial.org\/?p=888","name":"Ministro de trabajo convoca Comit\u00e9 Nacional de Honorarios Profesionales - sociedadyseguridadsocial.org","isPartOf":{"@id":"https:\/\/sociedadyseguridadsocial.org\/#website"},"primaryImageOfPage":{"@id":"https:\/\/sociedadyseguridadsocial.org\/?p=888#primaryimage"},"image":{"@id":"https:\/\/sociedadyseguridadsocial.org\/?p=888#primaryimage"},"thumbnailUrl":"https:\/\/sociedadyseguridadsocial.org\/wp-content\/uploads\/2023\/03\/ministerio-t.jpg","datePublished":"2023-03-20T00:09:20+00:00","dateModified":"2023-03-25T00:25:56+00:00","breadcrumb":{"@id":"https:\/\/sociedadyseguridadsocial.org\/?p=888#breadcrumb"},"inLanguage":"es-DO","potentialAction":[{"@type":"ReadAction","target":["https:\/\/sociedadyseguridadsocial.org\/?p=888"]}]},{"@type":"ImageObject","inLanguage":"es-DO","@id":"https:\/\/sociedadyseguridadsocial.org\/?p=888#primaryimage","url":"https:\/\/sociedadyseguridadsocial.org\/wp-content\/uploads\/2023\/03\/ministerio-t.jpg","contentUrl":"https:\/\/sociedadyseguridadsocial.org\/wp-content\/uploads\/2023\/03\/ministerio-t.jpg","width":266,"height":190},{"@type":"BreadcrumbList","@id":"https:\/\/sociedadyseguridadsocial.org\/?p=888#breadcrumb","itemListElement":[{"@type":"ListItem","position":1,"name":"Portada","item":"https:\/\/sociedadyseguridadsocial.org\/"},{"@type":"ListItem","position":2,"name":"Ministro de trabajo convoca Comit\u00e9 Nacional de Honorarios Profesionales"}]},{"@type":"WebSite","@id":"https:\/\/sociedadyseguridadsocial.org\/#website","url":"https:\/\/sociedadyseguridadsocial.org\/","name":"sociedadyseguridadsocial.org","description":"S\u00f3lo salud, no es seguridad social.","publisher":{"@id":"https:\/\/sociedadyseguridadsocial.org\/#organization"},"potentialAction":[{"@type":"SearchAction","target":{"@type":"EntryPoint","urlTemplate":"https:\/\/sociedadyseguridadsocial.org\/?s={search_term_string}"},"query-input":"required name=search_term_string"}],"inLanguage":"es-DO"},{"@type":"Organization","@id":"https:\/\/sociedadyseguridadsocial.org\/#organization","name":"sociedadyseguridadsocial.org","url":"https:\/\/sociedadyseguridadsocial.org\/","logo":{"@type":"ImageObject","inLanguage":"es-DO","@id":"https:\/\/sociedadyseguridadsocial.org\/#\/schema\/logo\/image\/","url":"https:\/\/sociedadyseguridadsocial.org\/wp-content\/uploads\/2023\/03\/cropped-cropped-IMG-20230317-WA0125-1.jpg","contentUrl":"https:\/\/sociedadyseguridadsocial.org\/wp-content\/uploads\/2023\/03\/cropped-cropped-IMG-20230317-WA0125-1.jpg","width":265,"height":77,"caption":"sociedadyseguridadsocial.org"},"image":{"@id":"https:\/\/sociedadyseguridadsocial.org\/#\/schema\/logo\/image\/"},"sameAs":["https:\/\/www.facebook.com\/syseguridadsocial","https:\/\/www.instagram.com\/sociedadyseguridadsocial\/"]},{"@type":"Person","@id":"https:\/\/sociedadyseguridadsocial.org\/#\/schema\/person\/45cf5223b982daeb4936c66c072575e3","name":"sociedadyseguridadsocial@gmail.com","image":{"@type":"ImageObject","inLanguage":"es-DO","@id":"https:\/\/sociedadyseguridadsocial.org\/#\/schema\/person\/image\/","url":"https:\/\/secure.gravatar.com\/avatar\/d0c387d833f1414553de50fe7294ab4c?s=96&d=mm&r=g","contentUrl":"https:\/\/secure.gravatar.com\/avatar\/d0c387d833f1414553de50fe7294ab4c?s=96&d=mm&r=g","caption":"sociedadyseguridadsocial@gmail.com"},"sameAs":["http:\/\/sociedadyseguridadsocial.org"],"url":"https:\/\/sociedadyseguridadsocial.org\/?author=1"}]}},"_links":{"self":[{"href":"https:\/\/sociedadyseguridadsocial.org\/index.php?rest_route=\/wp\/v2\/posts\/888"}],"collection":[{"href":"https:\/\/sociedadyseguridadsocial.org\/index.php?rest_route=\/wp\/v2\/posts"}],"about":[{"href":"https:\/\/sociedadyseguridadsocial.org\/index.php?rest_route=\/wp\/v2\/types\/post"}],"author":[{"embeddable":true,"href":"https:\/\/sociedadyseguridadsocial.org\/index.php?rest_route=\/wp\/v2\/users\/1"}],"replies":[{"embeddable":true,"href":"https:\/\/sociedadyseguridadsocial.org\/index.php?rest_route=%2Fwp%2Fv2%2Fcomments&post=888"}],"version-history":[{"count":1,"href":"https:\/\/sociedadyseguridadsocial.org\/index.php?rest_route=\/wp\/v2\/posts\/888\/revisions"}],"predecessor-version":[{"id":890,"href":"https:\/\/sociedadyseguridadsocial.org\/index.php?rest_route=\/wp\/v2\/posts\/888\/revisions\/890"}],"wp:featuredmedia":[{"embeddable":true,"href":"https:\/\/sociedadyseguridadsocial.org\/index.php?rest_route=\/wp\/v2\/media\/889"}],"wp:attachment":[{"href":"https:\/\/sociedadyseguridadsocial.org\/index.php?rest_route=%2Fwp%2Fv2%2Fmedia&parent=888"}],"wp:term":[{"taxonomy":"category","embeddable":true,"href":"https:\/\/sociedadyseguridadsocial.org\/index.php?rest_route=%2Fwp%2Fv2%2Fcategories&post=888"},{"taxonomy":"post_tag","embeddable":true,"href":"https:\/\/sociedadyseguridadsocial.org\/index.php?rest_route=%2Fwp%2Fv2%2Ftags&post=888"}],"curies":[{"name":"wp","href":"https:\/\/api.w.org\/{rel}","templated":true}]}}